{"id":2937,"date":"2016-09-14T18:05:39","date_gmt":"2016-09-14T18:05:39","guid":{"rendered":""},"modified":"2026-03-11T09:12:00","modified_gmt":"2026-03-11T14:12:00","slug":"obispo-castrense-del-pero-realizo-visita-pastoral-al-cusco","status":"publish","type":"post","link":"https:\/\/ceas.org.pe\/index.php\/2016\/09\/14\/obispo-castrense-del-pero-realizo-visita-pastoral-al-cusco\/","title":{"rendered":"Obispo Castrense del Per\u00f3 realiz\u00f3 visita pastoral al Cusco"},"content":{"rendered":"<p>Concluy\u00f3 la segunda visita pastoral del Obispo General Castrense del Per\u00fa a la ciudad de Cusco, Mons. Juan Carlos Vera Plasencia, con una agenda recargada que inici\u00f3 el d\u00eda de ayer, con la Acci\u00f3n Lit\u00fargica, en la Regi\u00f3n Policial Cusco; luego, visit\u00f3 la Escuela T\u00e9cnica Superior de la PNP- Pucuto, donde imparti\u00f3 los sacramentos a alrededor de 150 alumnos que recibieron el Bautismo, Primara Comuni\u00f3n y Confirmaci\u00f3n, concluyendo su agenda del d\u00eda con una visita pastoral al \u00a0Policl\u00ednico PNP Santa Rosa Cusco.<\/p>\n<div>\u00a0<\/div>\n<div>As\u00ed mismo, continuando su agenda de visitas a las instituciones castrenses, el d\u00eda de hoy, realiz\u00f3 su Visita Pastoral a la 5ta Brigada de Monta\u00f1a, impartiendo a \u00a0alrededor de 200 personas los Sacramentos del Bautizo, Primera Comuni\u00f3n y Confirmaci\u00f3n a alumnos de los colegios militares y personal militar, en la Bas\u00edlica Catedral del Cusco, para luego dirigirse a la Instituci\u00f3n Educativa Coronel Francisco Bolognesi, Colegio Militar Pachatuc Inca Yupanqui, al Cuartel General Mariscal Agust\u00edn Gamarra de Huancaro y finalizando su agenda con un encuentro con la familia Militar.<\/div>\n<div>\u00a0<\/div>\n<div>Mons. Juan Carlos Vera Plasencia, expres\u00f3 su alegr\u00eda de cumplir su segunda visita pastoral a la ciudad del Cusco, como Obispo General Castrense del Per\u00fa. Se\u00f1al\u00f3 haber estado desde ni\u00f1o muy ligado a las instituciones castrenses, por haber sido hijo de polic\u00eda: manifestando su singular devoci\u00f3n a Santa Rosa de Lima, a la que considera como \u00fanica Santa peruana, patrona de una instituci\u00f3n castrense.<\/div>\n<div>\u00a0<\/div>\n<div>Fuente: arzobispadodelcusco.org<\/div>\n<p><a href=\"http:\/\/web.hilo.org.pe\/wp-content\/uploads\/obispocastrense.jpg\" target=\"_blank\" rel=\"noopener\">Ver archivo adjunto<\/a><\/p>\n","protected":false},"excerpt":{"rendered":"<p>Concluy? la segunda visita pastoral del Obispo General Castrense del Per? a la ciudad de Cusco, Mons. Juan Carlos Vera Plasencia, con una agenda recargada que inici? el d?a de ayer, con la Acci?n Lit?rgica, en la Regi?n Policial Cusco; luego, visit? la Escuela T?cnica Superior de la PNP- Pucuto, donde imparti? los sacramentos a alrededor de 150 alumnos que recibieron el Bautismo, Primara Comuni?n y Confirmaci?n, concluyendo su agenda del d?a con una visita pastoral al  Policl?nico PNP Santa Rosa Cusco.<\/p>\n","protected":false},"author":1,"featured_media":7884,"comment_status":"closed","ping_status":"closed","sticky":false,"template":"","format":"standard","meta":{"footnotes":""},"categories":[9],"tags":[],"class_list":["post-2937","post","type-post","status-publish","format-standard","has-post-thumbnail","hentry","category-noticias"],"_links":{"self":[{"href":"https:\/\/ceas.org.pe\/index.php\/wp-json\/wp\/v2\/posts\/2937","targetHints":{"allow":["GET"]}}],"collection":[{"href":"https:\/\/ceas.org.pe\/index.php\/wp-json\/wp\/v2\/posts"}],"about":[{"href":"https:\/\/ceas.org.pe\/index.php\/wp-json\/wp\/v2\/types\/post"}],"author":[{"embeddable":true,"href":"https:\/\/ceas.org.pe\/index.php\/wp-json\/wp\/v2\/users\/1"}],"replies":[{"embeddable":true,"href":"https:\/\/ceas.org.pe\/index.php\/wp-json\/wp\/v2\/comments?post=2937"}],"version-history":[{"count":1,"href":"https:\/\/ceas.org.pe\/index.php\/wp-json\/wp\/v2\/posts\/2937\/revisions"}],"predecessor-version":[{"id":6281,"href":"https:\/\/ceas.org.pe\/index.php\/wp-json\/wp\/v2\/posts\/2937\/revisions\/6281"}],"wp:featuredmedia":[{"embeddable":true,"href":"https:\/\/ceas.org.pe\/index.php\/wp-json\/wp\/v2\/media\/7884"}],"wp:attachment":[{"href":"https:\/\/ceas.org.pe\/index.php\/wp-json\/wp\/v2\/media?parent=2937"}],"wp:term":[{"taxonomy":"category","embeddable":true,"href":"https:\/\/ceas.org.pe\/index.php\/wp-json\/wp\/v2\/categories?post=2937"},{"taxonomy":"post_tag","embeddable":true,"href":"https:\/\/ceas.org.pe\/index.php\/wp-json\/wp\/v2\/tags?post=2937"}],"curies":[{"name":"wp","href":"https:\/\/api.w.org\/{rel}","templated":true}]}}