{"id":2936,"date":"2016-09-14T18:00:42","date_gmt":"2016-09-14T18:00:42","guid":{"rendered":""},"modified":"2026-03-11T09:12:00","modified_gmt":"2026-03-11T14:12:00","slug":"iv-jornada-de-otica-y-filosofoa-polotica-en-la-u-ruiz-de-montoya","status":"publish","type":"post","link":"https:\/\/ceas.org.pe\/index.php\/2016\/09\/14\/iv-jornada-de-otica-y-filosofoa-polotica-en-la-u-ruiz-de-montoya\/","title":{"rendered":"IV Jornada de \u00f3tica y Filosof\u00f3a Pol\u00f3tica en la U. Ruiz de Montoya"},"content":{"rendered":"<p>El objetivo de IV Jornada de \u00c9tica y Filosof\u00eda Pol\u00edtica, realizada en la Universidad Nacional Mayor de San Marcos y la Universidad Antonio Ruiz de Montoya, fue permitir la interacci\u00f3n y la colaboraci\u00f3n interdisciplinaria entre profesionales e investigadores en torno a los retos \u00e9ticos y pol\u00edticos caracter\u00edsticos de aquellos espacios compartidos que hoy son las democracias contempor\u00e1neas, la desigualdad, la globalizaci\u00f3n y las perspectivas sobre la justicia local e internacional. Cont\u00f3 con la participaci\u00f3n interdisciplinaria de investigadores y profesionales nacionales e internacionales quienes durante tres d\u00edas analizaron los temas desde la tradici\u00f3n filos\u00f3fica contempor\u00e1nea y cl\u00e1sica.<\/p>\n<div>\u00a0<\/div>\n<div>Gonzalo Gamio, docente de la Escuela de Filosof\u00eda y de la Maestr\u00eda en Filosof\u00eda con menci\u00f3n en \u00c9tica y Pol\u00edtica de la Universidad Ruiz de Montoya, expuso c\u00f3mo compatibilizar la pol\u00edtica democr\u00e1tica con el quehacer de los cat\u00f3licos. Coment\u00f3 los dos dilemas a los que se enfrentan: ejercer una pol\u00edtica partidaria o una acci\u00f3n c\u00edvica desde instituciones como las ONG, las comunidades de laicos y religiosos que promueven los derechos humanos, entre otros temas. En ese sentido, se\u00f1al\u00f3 que se debe recuperar el sentido prof\u00e9tico, es decir, volver hacia los profetas que denuncian la injusticia y la inequidad. Es entonces que surge un nuevo reto: \u00bfC\u00f3mo traducir el lenguaje religioso al lenguaje de la reivindicaci\u00f3n de los derechos humanos y de la justicia p\u00fablica.<\/div>\n<div>\u00a0<\/div>\n<div>En su ponencia, Rafael Fern\u00e1ndez Hart, SJ, decano de la Facultad de Filosof\u00eda, Educaci\u00f3n y Ciencias Humanas de la Ruiz de Montoya, explic\u00f3 las referencias de justicia social presentes en la Biblia y la concepci\u00f3n de un infinito, puesto en m\u00ed, que interrumpe la afirmaci\u00f3n de m\u00ed y hace posible la apertura hacia el exterior, hacia el otro. No es una experiencia religiosa, sino sensible. Estamos ya habitados por ese infinito y el deseo es el impulso por ser desbordado por lo que nos habita (el infinito). No busco afirmarme, sino amar. La responsabilidad con el otro es permanente e infinita.<\/div>\n<div>\u00a0<\/div>\n<div>En su conferencia magistral, Aldo V\u00e1squez, exministro de Justicia y Derechos Humanos, vicerrector de la Universidad Antonio Ruiz de Montoya, evidenci\u00f3 que un sistema de administraci\u00f3n de justicia eficiente, adem\u00e1s de reducir la desigualdad, tendr\u00eda un impacto directo en eliminar hasta en un 30 % los costos de la corrupci\u00f3n en el Per\u00fa que anualmente representan costos directos por trece mil millones de soles (10 % del Presupuesto General de La Rep\u00fablica del Per\u00fa). Propone una trilog\u00eda para enfrentar la corrupci\u00f3n y avanzar hacia un pa\u00eds m\u00e1s justo: la familia, la escuela y los medios de comunicaci\u00f3n.<\/div>\n<div>\u00a0<\/div>\n<div>Fuente: uarm.edu.pe<\/div>\n<p><a href=\"http:\/\/web.hilo.org.pe\/wp-content\/uploads\/Jornada2_filosofia.png\" target=\"_blank\" rel=\"noopener\">Ver archivo adjunto<\/a><\/p>\n","protected":false},"excerpt":{"rendered":"<p>El objetivo de IV Jornada de ?tica y Filosof?a Pol?tica, realizada en la Universidad Nacional Mayor de San Marcos y la Universidad Antonio Ruiz de Montoya, fue permitir la interacci?n y la colaboraci?n interdisciplinaria entre profesionales e investigadores en torno a los retos ?ticos y pol?ticos caracter?sticos de aquellos espacios compartidos que hoy son las democracias contempor?neas, la desigualdad, la globalizaci?n y las perspectivas sobre la justicia local e internacional. Cont? con la participaci?n interdisciplinaria de investigadores y profesionales nacionales e internacionales quienes durante tres d?as analizaron los temas desde la tradici?n filos?fica contempor?nea y cl?sica.<\/p>\n","protected":false},"author":1,"featured_media":1229,"comment_status":"closed","ping_status":"closed","sticky":false,"template":"","format":"standard","meta":{"footnotes":""},"categories":[9],"tags":[],"class_list":["post-2936","post","type-post","status-publish","format-standard","has-post-thumbnail","hentry","category-noticias"],"_links":{"self":[{"href":"https:\/\/ceas.org.pe\/index.php\/wp-json\/wp\/v2\/posts\/2936","targetHints":{"allow":["GET"]}}],"collection":[{"href":"https:\/\/ceas.org.pe\/index.php\/wp-json\/wp\/v2\/posts"}],"about":[{"href":"https:\/\/ceas.org.pe\/index.php\/wp-json\/wp\/v2\/types\/post"}],"author":[{"embeddable":true,"href":"https:\/\/ceas.org.pe\/index.php\/wp-json\/wp\/v2\/users\/1"}],"replies":[{"embeddable":true,"href":"https:\/\/ceas.org.pe\/index.php\/wp-json\/wp\/v2\/comments?post=2936"}],"version-history":[{"count":1,"href":"https:\/\/ceas.org.pe\/index.php\/wp-json\/wp\/v2\/posts\/2936\/revisions"}],"predecessor-version":[{"id":6282,"href":"https:\/\/ceas.org.pe\/index.php\/wp-json\/wp\/v2\/posts\/2936\/revisions\/6282"}],"wp:featuredmedia":[{"embeddable":true,"href":"https:\/\/ceas.org.pe\/index.php\/wp-json\/wp\/v2\/media\/1229"}],"wp:attachment":[{"href":"https:\/\/ceas.org.pe\/index.php\/wp-json\/wp\/v2\/media?parent=2936"}],"wp:term":[{"taxonomy":"category","embeddable":true,"href":"https:\/\/ceas.org.pe\/index.php\/wp-json\/wp\/v2\/categories?post=2936"},{"taxonomy":"post_tag","embeddable":true,"href":"https:\/\/ceas.org.pe\/index.php\/wp-json\/wp\/v2\/tags?post=2936"}],"curies":[{"name":"wp","href":"https:\/\/api.w.org\/{rel}","templated":true}]}}