{"id":2935,"date":"2016-09-13T19:35:20","date_gmt":"2016-09-13T19:35:20","guid":{"rendered":""},"modified":"2026-03-11T09:12:00","modified_gmt":"2026-03-11T14:12:00","slug":"oel-deporte-al-servicio-del-hombreo-congreso-internacional-en-el-vaticano","status":"publish","type":"post","link":"https:\/\/ceas.org.pe\/index.php\/2016\/09\/13\/oel-deporte-al-servicio-del-hombreo-congreso-internacional-en-el-vaticano\/","title":{"rendered":"\u00f3El deporte al servicio del hombre\u00f3: congreso internacional en el Vaticano"},"content":{"rendered":"<p>\u201cEl deporte al servicio del hombre\u201d es el t\u00edtulo del Congreso internacional sobre fe y deporte que se llevar\u00e1 a cabo en el Vaticano del 5 al 7 de octubre. Una iniciativa que tambi\u00e9n es interreligiosa y que reunir\u00e1 a personalidades del deporte a nivel mundial.<\/p>\n<div>\u00a0<\/div>\n<div>El subsecretario del Consejo Pontificio de la Cultura, monse\u00f1or Melchor S\u00e1nchez de Toca explica en qu\u00e9 consiste esta iniciativa que busca ser el inicio de un Movimiento mundial para \u201cregenerar el mundo del deporte y regenerar tambi\u00e9n la vida de las iglesias, de las comunidades religiosas, a trav\u00e9s del deporte\u201d y que contar\u00e1 con la participaci\u00f3n del Papa Francisco en la ceremonia de apertura.<\/div>\n<div>\u00a0<\/div>\n<div>\u201cSe trata de un Congreso internacional sobre fe y deporte al m\u00e1s alto nivel en el Vaticano. Creemos que es la primera vez que en el Vaticano se juntar\u00e1n responsables del mundo del deporte al nivel m\u00e1s alto de las instituciones deportivas, l\u00edderes de otras religiones, representantes del mundo de la academia, de la empresa, de las organizaciones no gobernativas que trabajan en el mundo del deporte, tratando de dar al deporte su verdadera dignidad, es decir, poniendo al hombre al centro del deporte y no el deporte al centro del hombre. Creemos que hay poco di\u00e1logo entre el mundo de la fe y el mundo del deporte y que tanto uno como otro pueden beneficiarse mucho de una mayor relaci\u00f3n\u201d.<\/div>\n<div>\u00a0<\/div>\n<div>\u00bfC\u00f3mo surge la idea de organizar este Congreso?<\/div>\n<div>\u00a0<\/div>\n<div>\u201cEs el resultado de algunos seminarios que se celebraron en el Vaticano en el Consejo Pontificio de la Cultura hace algunos a\u00f1os. Naci\u00f3 de la idea de propiciar un encuentro entre responsables del mundo del deporte y responsables de otras religiones para que se hablen y se escuchen porque no existen muchos momentos de encuentro de este tipo\u201d.<\/div>\n<div>\u00a0<\/div>\n<div>\u00bfQu\u00e9 frutos esperan?<\/div>\n<div>\u00a0<\/div>\n<div>\u201cEl Congreso deber\u00eda ser el inicio de un Movimiento que queremos lanzar, un movimiento que quiere regenerar el mundo del deporte y regenerar tambi\u00e9n la vida de las iglesias, de las comunidades religiosas, a trav\u00e9s del deporte. El deporte \u2013como recuerda muchas veces el Papa Francisco- tiene grandes valores que pueden ayudar mucho a una vida de fe\u201d.<\/div>\n<div>\u00a0<\/div>\n<div>Entre los participantes a la ceremonia de apertura se espera la asistencia del Papa Francisco, junto al secretario de la Organizaci\u00f3n de las Naciones Unidas (ONU), los presidentes del Comit\u00e9 Ol\u00edmpico Internacional y del Comit\u00e9 Paral\u00edmpico Internacional, y representantes de otras comunidades religiosas junto a atletas, cantantes y artistas de fama internacional.<\/div>\n<div>\u00a0<\/div>\n<div>Los asistentes abordar\u00e1n la problem\u00e1tica de fe y deporte en tres grandes temas que son: \u201cInclusi\u00f3n, Implicaci\u00f3n e Inspiraci\u00f3n\u201d. \u201cInclusi\u00f3n, deporte para todos como integrar personas y comunidades a trav\u00e9s del deporte. Implicaci\u00f3n, c\u00f3mo utilizar el deporte para crear una sociedad mejor. Inspiraci\u00f3n, el deporte como fuente de inspiraci\u00f3n y crecimiento personal\u201d.<\/div>\n<div>\u00a0<\/div>\n<div>\u00bfQui\u00e9nes son los organizadores?<\/div>\n<div>\u00a0<\/div>\n<div>\u201cEl sujeto principal es el Consejo Pontificio para la Cultura a trav\u00e9s del departamento \u2018fe y cultura\u2019 en colaboraci\u00f3n con el [ex] Consejo Pontificio para los Laicos que tiene en su interior la secci\u00f3n \u2018Iglesia y deporte\u2019, naturalmente el apoyo de otras organizaciones e instituciones sin las cuales no ser\u00eda posible\u201d. Entre ellas se encuentra el apoyo especial del Comit\u00e9 Ol\u00edmpico Internacional, el Comit\u00e9 Paral\u00edmpico, las Naciones Unidas y otras organizaciones deportivas.<\/div>\n<div>\u00a0<\/div>\n<div>\u00bfEn qu\u00e9 consiste la \u2018Declaraci\u00f3n de principios\u2019 que se realizar\u00e1 al finalizar esta Conferencia?<\/div>\n<div>\u00a0<\/div>\n<div>\u201cSon como la \u2018columna vertebral\u2019 que da fuerza a este Encuentro, y al Movimiento que queremos que nazca de \u00e9l, y que hemos resumido en torno a seis grandes principios religiosos, creemos transversales a toda la humanidad, que son parte del patrimonio de la com\u00fan humanidad. Un aspecto importante que en teolog\u00eda llamamos los pre\u00e1mbulos de la fe. Seis principios que hemos organizado en torno a seis palabras: compasi\u00f3n, respeto, amor, iluminaci\u00f3n, equilibrio y alegr\u00eda, gozo\u201d.<\/div>\n<div>\u00a0<\/div>\n<div>Para m\u00e1s informaci\u00f3n pueden visitar la p\u00e1gina web oficial: www.sportforhumanity.com<\/div>\n<div>\u00a0<\/div>\n<div>Fuente: radiovaticano<\/div>\n<p>\u00a0<\/p>\n<p><a href=\"http:\/\/web.hilo.org.pe\/wp-content\/uploads\/El Vaticano realizaraun Congreso sobre fe y deporte.jpg\" target=\"_blank\" rel=\"noopener\">Ver archivo adjunto<\/a><\/p>\n","protected":false},"excerpt":{"rendered":"<p>\u00a0\u201cEl deporte al servicio del hombre\u201d es el t\u00edtulo del Congreso internacional sobre fe y deporte que se llevar\u00e1 a cabo en el Vaticano del 5 al 7 de octubre. Una iniciativa que tambi\u00e9n es interreligiosa y que reunir\u00e1 a personalidades del deporte a nivel mundial.<\/p>\n","protected":false},"author":1,"featured_media":7903,"comment_status":"closed","ping_status":"closed","sticky":false,"template":"","format":"standard","meta":{"footnotes":""},"categories":[9],"tags":[],"class_list":["post-2935","post","type-post","status-publish","format-standard","has-post-thumbnail","hentry","category-noticias"],"_links":{"self":[{"href":"https:\/\/ceas.org.pe\/index.php\/wp-json\/wp\/v2\/posts\/2935","targetHints":{"allow":["GET"]}}],"collection":[{"href":"https:\/\/ceas.org.pe\/index.php\/wp-json\/wp\/v2\/posts"}],"about":[{"href":"https:\/\/ceas.org.pe\/index.php\/wp-json\/wp\/v2\/types\/post"}],"author":[{"embeddable":true,"href":"https:\/\/ceas.org.pe\/index.php\/wp-json\/wp\/v2\/users\/1"}],"replies":[{"embeddable":true,"href":"https:\/\/ceas.org.pe\/index.php\/wp-json\/wp\/v2\/comments?post=2935"}],"version-history":[{"count":1,"href":"https:\/\/ceas.org.pe\/index.php\/wp-json\/wp\/v2\/posts\/2935\/revisions"}],"predecessor-version":[{"id":6283,"href":"https:\/\/ceas.org.pe\/index.php\/wp-json\/wp\/v2\/posts\/2935\/revisions\/6283"}],"wp:featuredmedia":[{"embeddable":true,"href":"https:\/\/ceas.org.pe\/index.php\/wp-json\/wp\/v2\/media\/7903"}],"wp:attachment":[{"href":"https:\/\/ceas.org.pe\/index.php\/wp-json\/wp\/v2\/media?parent=2935"}],"wp:term":[{"taxonomy":"category","embeddable":true,"href":"https:\/\/ceas.org.pe\/index.php\/wp-json\/wp\/v2\/categories?post=2935"},{"taxonomy":"post_tag","embeddable":true,"href":"https:\/\/ceas.org.pe\/index.php\/wp-json\/wp\/v2\/tags?post=2935"}],"curies":[{"name":"wp","href":"https:\/\/api.w.org\/{rel}","templated":true}]}}