{"id":2934,"date":"2016-09-13T19:27:34","date_gmt":"2016-09-13T19:27:34","guid":{"rendered":""},"modified":"2026-03-11T09:12:00","modified_gmt":"2026-03-11T14:12:00","slug":"declaracion-del-iii-encuentro-de-la-red-iglesias-y-mineroa-realizado-en-bogoto","status":"publish","type":"post","link":"https:\/\/ceas.org.pe\/index.php\/2016\/09\/13\/declaracion-del-iii-encuentro-de-la-red-iglesias-y-mineroa-realizado-en-bogoto\/","title":{"rendered":"Declaraci\u00f3n del III Encuentro de la Red Iglesias y Miner\u00f3a realizado en Bogot\u00f3"},"content":{"rendered":"<p>La Red Iglesias y Miner\u00eda expres\u00f3 su preocupaci\u00f3n por la creciente criminalizaci\u00f3n y los asesinatos a los defensores de los territorios y de la naturaleza, como consecuencia de los proyectos extractivos. \u00a0As\u00ed se expres\u00f3 en el pronunciamiento final del III Encuentro de la REDIM, realizado en Bogot\u00e1, Colombia, del 2 al 4 de setiembre y que reuni\u00f3 a 50 l\u00edderes religiosos de diversos pa\u00edses del mundo.<\/p>\n<div>\u00a0<\/div>\n<div>En su comunicado, exhortan a las autoridades elegidas por la voluntad popular a apoyar las iniciativas en defensa de la vida\u201d. Y hacen un llamado a las Iglesias \u201ca asumir un compromiso activo en defensa de la Casa Com\u00fan por ser este un elemento constitutivo del ser cristiano. Alertamos a las organizaciones de la sociedad civil y a nuestra jerarqu\u00eda eclesial sobre los mecanismos de cooptaci\u00f3n que llevan a cabo las empresas y algunos gobiernos. Nos esperanzamos en la actitud de muchos Obispos, sacerdotes, pastores y laicos que escuchan los clamores de las v\u00edctimas en sus territorios y celebramos su compromiso con la vida\u201d.<\/div>\n<div>\u00a0<\/div>\n<div>A continuacion el comunicado completo:<\/div>\n<div>\u00a0<\/div>\n<div><strong>Declaraci\u00f3n del III Encuentro de la Red Iglesias y Miner\u00eda en Bogot\u00e1\u00a0<\/strong><\/div>\n<div>\u00a0<\/div>\n<div>\u201cUn grito por la tierra perdida; un grito por la extracci\u00f3n de riquezas del suelo que, parad\u00f3jicamente, no ha producido riqueza para las poblaciones locales que siguen siendo pobres; un grito de dolor en respuesta a la violencia, a las amenazas y la corrupci\u00f3n; un grito de indignaci\u00f3n y de apoyo por las violaciones de los derechos humanos, discreta o descaradamente pisoteados\u2026\u201d. (Papa Francisco al encuentro de comunidades afectadas por la miner\u00eda, julio 2015)<\/div>\n<div>\u00a0<\/div>\n<div>Quienes conformamos la Red Iglesias y Miner\u00eda, mujeres y hombres de pa\u00edses de Am\u00e9rica y Europa, teniendo como marco la Jornada Mundial de Oraci\u00f3n por la Casa Com\u00fan, nos hemos reunido en Bogot\u00e1 50 religiosos y laicos, para escuchar los gritos de la Madre Tierra, intercambiar experiencias de resistencia y alternativas al llamado \u201cdesarrollo\u201d y para reflexionar sobre los desaf\u00edos que tenemos como cristianos frente a los m\u00faltiples problemas que sufren las comunidades afectadas por la miner\u00eda. Iniciamos nuestro encuentro con visitas a los departamentos de Tolima (Ibagu\u00e9 y Cajamarca) y Cesar (Valledupar \u2013 Cerro Largo), donde operan las empresas y Anglo Gold Ashanti y Drummond; dos de las m\u00faltiples zonas afectadas en territorio Colombiano por la miner\u00eda a cielo abierto. A trav\u00e9s de la observaci\u00f3n y los testimonios escuchados pudimos constatar que los efectos nocivos de la mega miner\u00eda atentan contra los derechos de la naturaleza por lo tanto se constituyen en un delito contra la humanidad.<\/div>\n<div>\u00a0<\/div>\n<div>Nos preocupa la creciente criminalizaci\u00f3n y los asesinatos de quienes ejercen la defensa de los territorios, como es el caso de nuestra hermana Berta C\u00e1ceres, por quien exigimos Justicia y a trav\u00e9s de ella pedimos por un mundo m\u00e1s justo para las mujeres, actores protag\u00f3nicos en defensa de la vida y primeras v\u00edctimas del extractivismo. Somos conscientes que defender la Creaci\u00f3n, en un sistema depredador cuyo fin m\u00e1ximo es el lucro y el dinero, es una acci\u00f3n que implica riesgo y peligro de muerte, pero nos anima el evangelio de Jes\u00fas, la enc\u00edclica \u201cLaudato Si\u201d y el esp\u00edritu de lucha de muchas comunidades afectadas por la miner\u00eda y otras actividades extractivas.<\/div>\n<div>\u00a0<\/div>\n<div>Exhortamos a las autoridades locales elegidas por la voluntad popular a apoyar las iniciativas en defensa de la vida. Nos alegra constatar que el Concejo Municipal de Cajamarca y el Alcalde de Ibagu\u00e9 consideran un compromiso \u00e9tico con la ciudadan\u00eda el acompa\u00f1amiento de iniciativas en defensa de la poblaci\u00f3n y de la naturaleza.<\/div>\n<div>\u00a0<\/div>\n<div>Llamamos a nuestras Iglesias a asumir un compromiso activo en defensa de la Casa Com\u00fan por ser este un elemento constitutivo del ser cristiano. Alertamos a las organizaciones de la sociedad civil y a nuestra jerarqu\u00eda eclesial sobre los mecanismos de cooptaci\u00f3n que llevan a cabo las empresas y algunos gobiernos. Nos esperanzamos en la actitud de muchos Obispos, sacerdotes, pastores y laicos que escuchan los clamores de las v\u00edctimas en sus territorios y celebramos su compromiso con la vida.<\/div>\n<div>\u00a0<\/div>\n<div>\u00a0Saludamos al pueblo colombiano en sus esfuerzos por alcanzar la paz y poner fin definitivamente al largo per\u00edodo de guerra interna que sufrieron. La paz es el camino para seguir construyendo una Colombia m\u00e1s justa, equitativa y en armon\u00eda con la madre naturaleza. Desde el esp\u00edritu ecum\u00e9nico que nos anima, nuestra Red Iglesias y Miner\u00eda, reafirma su compromiso de seguir apoyando a las peque\u00f1as comunidades que son desplazadas y atropelladas en sus derechos m\u00e1s elementales. La experiencia nos demuestra que en ninguna parte del mundo la miner\u00eda es una alternativa de desarrollo ni integral ni sostenible para nuestros pueblos.<\/div>\n<div>\u00a0<\/div>\n<div>Bogot\u00e1, 4 de septiembre, 2016<\/div>\n<div>\u00a0<\/div>\n<div><strong>Red Iglesias y Miner\u00eda<\/strong><\/div>\n<div>\u00a0<\/div>\n<div>P. Dario Giuliano Bossi, Misioneros Combonianos, Rede Justi\u00e7a nos Trilhos, Brasil<\/div>\n<div>Claudia Andrea Huircan, Claretianos de la provincia San Jos\u00e9 del Sur, Argentina<\/div>\n<div>Rodrigo de Castro Am\u00e9d\u00e9e P\u00e9ret, Franciscans International, Brasil<\/div>\n<div>Rosa del Valle Ar\u00e1oz de Machado, Colectivo Sumai Kausay, Catamarca-Argentina<\/div>\n<div>Dom Andr\u00e9 de Witte, Obispo de Ruy Barbosa, Comi\u00e7\u00e3o de Pastoral da Terra \u2013 CNBB, Brasil<\/div>\n<div>Birgit Weiler, Te\u00f3loga de Universidad Antonio Ruiz de Montoya, Per\u00fa<\/div>\n<div>Monse\u00f1or Juan Carlos Barreto, Obispo de Quibd\u00f3, Colombia<\/div>\n<div>Apolinar Flores Tococari, Centro de Ecolog\u00eda y Pueblos Andinos, Bolivia<\/div>\n<div>V\u00edctor Manuel Hirch, Vivat International, Argentina<\/div>\n<div>Viviana del Carmen Vaca, Equipo Nacional de Pastoral Ind\u00edgena \u2013ENDEPA, Argentina<\/div>\n<div>Stefan Reinhold, CIDSE, Holanda<\/div>\n<div>Moema Marques De Miranda, Servicio Inter Franciscano de Justicia Paz y Ecolog\u00eda, Brasil<\/div>\n<div>P. Nelson Jos\u00e9 Barrientos Chodiman, Di\u00f3cesis de Copiap\u00f3, Alto del C\u00e1rmen, Chile<\/div>\n<div>Igor Guilherme Pereira Bastos, Movimiento Cat\u00f3lico Mundial por el Clima, Brasil<\/div>\n<div>Sandra del Carmen Ferrero, EDIPA, Hermanas de la Misericordia, Argentina<\/div>\n<div>Alessandro Gallazzi, Te\u00f3logo, Asesor de la Pastoral de la Tierra, Brasil<\/div>\n<div>Susanne Friess, MISEREOR, Alemania<\/div>\n<div>Patr\u00edcia Generoso Thomaz Guerra, Colectivo REAJA, Concei\u00e7\u00e3o do Mato Dentro, MG-Brasil<\/div>\n<div>Maria Angely Robles Carvajal, Iglesia Presbiteriana, Chile<\/div>\n<div>C\u00e9sar Eduardo Correa Valenzuela, Sociedad Misionera San Columbano, Chile<\/div>\n<div>P. Henry Ram\u00edrez Soler cmf, Misioneros Claretianos, Colombia<\/div>\n<div>Carmen Al\u00edcia Amaya Rodriguez, Comisi\u00f3n Inter Eclesial de Justicia y Paz, Colombia<\/div>\n<div>P. Jes\u00fas Alberto Franco Giraldo, Comisi\u00f3n Inter Eclesial de Justicia y Paz, Colombia<\/div>\n<div>Milton Fernando L\u00f3pez Ruiz, Fastenopher, Colombia<\/div>\n<div>Martha In\u00e9s Romero Medina, Pax-Christi International, Colombia<\/div>\n<div>C\u00e9sar Augusto Padilla Ormeno, Observatorio Conflictos Mineros Am\u00e9rica Latina, Chile<\/div>\n<div>Al\u00edrio C\u00e1ceres, AMERINDIA, Colombia<\/div>\n<div>Mauricio L\u00f3pez, Red Eclesial Panamaz\u00f3nica, Ecuador<\/div>\n<div>P. Gregory Kennedy S.J. CLAR \u2013 CRC, Colombia<\/div>\n<div>Milton Mariano Mejia Camargo, CLAI, Ecuador<\/div>\n<div>Pedro S\u00e1nchez, SIGNIS ALC, Ecuador<\/div>\n<div>Vidalina Morales de Gamez, Asociaci\u00f3n de desarrollo econ\u00f3mico social, El Salvador<\/div>\n<div>Scott Wright, Interfaith Working Group on the Extractive Industries, USA<\/div>\n<div>Carlos Alarc\u00f3n Novoa, Organizaci\u00f3n de derechos Humanos del Arzobispado de Guatemala<\/div>\n<div>C\u00e9sar Augusto Espinoza Mu\u00f1oz, Misioneros Claretianos, Honduras<\/div>\n<div>Pedro Landa Palma, Equipo de Reflexi\u00f3n, Investigaci\u00f3n y Comunicaci\u00f3n \u2013 ERIC, Honduras<\/div>\n<div>Lupo Canterac Troya, Red Regional Agua, Desarrollo y Democracia, Piura-Per\u00fa<\/div>\n<div>Pablo Arturo Sanchez de Francesch, GRUFIDES, Per\u00fa<\/div>\n<div>Javier Rodolfo Jahncke Benavente, Red MUQUI, Per\u00fa<\/div>\n<div>Dorothea Esther Winkler, Fastenopher, Suiza<\/div>\n<div>Contin\u00faan firmas\u2026<\/div>\n<div>\u00a0<\/div>\n<div><em>Derechos Humanos Sin Fronteras.<\/em><\/div>\n<p><a href=\"http:\/\/web.hilo.org.pe\/wp-content\/uploads\/declaracion_IyM-1.jpg\" target=\"_blank\" rel=\"noopener\">Ver archivo adjunto<\/a><\/p>\n","protected":false},"excerpt":{"rendered":"<p>La Red Iglesias y Miner?a expres? su preocupaci?n por la creciente criminalizaci?n y los asesinatos a los defensores de los territorios y de la naturaleza, como consecuencia de los proyectos extractivos.  As? se expres? en el pronunciamiento final del III Encuentro de la REDIM, realizado en Bogot?, Colombia, del 2 al 4 de setiembre y que reuni? a 50 l?deres religiosos de diversos pa?ses del mundo.<\/p>\n","protected":false},"author":1,"featured_media":7862,"comment_status":"closed","ping_status":"closed","sticky":false,"template":"","format":"standard","meta":{"footnotes":""},"categories":[9],"tags":[],"class_list":["post-2934","post","type-post","status-publish","format-standard","has-post-thumbnail","hentry","category-noticias"],"_links":{"self":[{"href":"https:\/\/ceas.org.pe\/index.php\/wp-json\/wp\/v2\/posts\/2934","targetHints":{"allow":["GET"]}}],"collection":[{"href":"https:\/\/ceas.org.pe\/index.php\/wp-json\/wp\/v2\/posts"}],"about":[{"href":"https:\/\/ceas.org.pe\/index.php\/wp-json\/wp\/v2\/types\/post"}],"author":[{"embeddable":true,"href":"https:\/\/ceas.org.pe\/index.php\/wp-json\/wp\/v2\/users\/1"}],"replies":[{"embeddable":true,"href":"https:\/\/ceas.org.pe\/index.php\/wp-json\/wp\/v2\/comments?post=2934"}],"version-history":[{"count":1,"href":"https:\/\/ceas.org.pe\/index.php\/wp-json\/wp\/v2\/posts\/2934\/revisions"}],"predecessor-version":[{"id":6284,"href":"https:\/\/ceas.org.pe\/index.php\/wp-json\/wp\/v2\/posts\/2934\/revisions\/6284"}],"wp:featuredmedia":[{"embeddable":true,"href":"https:\/\/ceas.org.pe\/index.php\/wp-json\/wp\/v2\/media\/7862"}],"wp:attachment":[{"href":"https:\/\/ceas.org.pe\/index.php\/wp-json\/wp\/v2\/media?parent=2934"}],"wp:term":[{"taxonomy":"category","embeddable":true,"href":"https:\/\/ceas.org.pe\/index.php\/wp-json\/wp\/v2\/categories?post=2934"},{"taxonomy":"post_tag","embeddable":true,"href":"https:\/\/ceas.org.pe\/index.php\/wp-json\/wp\/v2\/tags?post=2934"}],"curies":[{"name":"wp","href":"https:\/\/api.w.org\/{rel}","templated":true}]}}