{"id":2933,"date":"2016-09-12T17:19:54","date_gmt":"2016-09-12T17:19:54","guid":{"rendered":""},"modified":"2026-03-11T09:12:00","modified_gmt":"2026-03-11T14:12:00","slug":"monseoor-barreto-fue-ponente-en-cop22-en-argentina","status":"publish","type":"post","link":"https:\/\/ceas.org.pe\/index.php\/2016\/09\/12\/monseoor-barreto-fue-ponente-en-cop22-en-argentina\/","title":{"rendered":"Monse\u00f3or Barreto fue ponente en COP22 en Argentina"},"content":{"rendered":"<div>El Arzobispo de Huancayo, Monse\u00f1or Pedro Barreto Jimeno, SJ., realizo una ponencia en el Seminario \u201cConciencia: Di\u00e1logo Interreligioso, Intercultural y Cambio Clim\u00e1tico\u201d, realizado en Argentina. Esta conferencia sobre di\u00e1logo interreligioso y cambio clim\u00e1tico, busca fomentar ese intercambio cooperativo y constructivo entre las diferentes religiones, tradiciones espirituales y culturales, con el objetivo de crear mayor conciencia global sobre los problemas centrales que aquejan a la humanidad como un todo, contribuyendo a generar agendas individuales y colectivas capaces de aportar soluciones de mediano y largo plazo.<\/div>\n<div>\u00a0<\/div>\n<div>Monse\u00f1or Pedro Barreto visit\u00f3 ese pa\u00eds, para presentar la ponencia: \u201cConflictos, delitos y corrupci\u00f3n: el rol de los Estados, el sector privado y la sociedad civil\u201d, en el marco del Seminario Pre COP22 \u201cConciencia: Di\u00e1logo Interreligioso, Intercultural y Cambio Clim\u00e1tico\u201d. Durante el encuentro conversaron sobre el valor del di\u00e1logo interreligioso y la situaci\u00f3n de la Iglesia Cat\u00f3lica en Am\u00e9rica Latina.<\/div>\n<div>\u00a0<\/div>\n<div>El Secretario de Culto de la Naci\u00f3n, Santiago De Estrada, junto al Subsecretario de Culto, Alfredo Abriani, agradecieron la presencia del Arzobispo de Huancayo, quien tambi\u00e9n es integrante de la Red Eclesial Panamaz\u00f3nica (Red que une todas las Vicarias Amaz\u00f3nicas de Sudam\u00e9rica).<\/div>\n<div>\u00a0<\/div>\n<div>La intensificaci\u00f3n de los conflictos interreligiosos e interculturales durante los \u00faltimos a\u00f1os, debido a la manipulaci\u00f3n y fomento de la ignorancia o el desconocimiento de las tradiciones espirituales y de la cultura propia del otro, coincide, sin embargo, con la emergencia y la intensificaci\u00f3n de nuevas propuestas dirigidas a promover el di\u00e1logo y la comprensi\u00f3n mutua sobre la paz, y otros temas urgentes como el cambio clim\u00e1tico, el desarrollo sustentable y la extrema pobreza. (Fuente: CEP)<\/div>\n<div>\u00a0<\/div>\n<div>\u00a0<\/div>\n<p><a href=\"http:\/\/web.hilo.org.pe\/wp-content\/uploads\/Monsenorbarreto.jpg\" target=\"_blank\" rel=\"noopener\">Ver archivo adjunto<\/a><\/p>\n","protected":false},"excerpt":{"rendered":"<p>El Arzobispo de Huancayo, Monse?or Pedro Barreto Jimeno, SJ., realizo una ponencia en el Seminario ?Conciencia: Di?logo Interreligioso, Intercultural y Cambio Clim?tico?, realizado en Argentina.<\/p>\n","protected":false},"author":1,"featured_media":7919,"comment_status":"closed","ping_status":"closed","sticky":false,"template":"","format":"standard","meta":{"footnotes":""},"categories":[9],"tags":[],"class_list":["post-2933","post","type-post","status-publish","format-standard","has-post-thumbnail","hentry","category-noticias"],"_links":{"self":[{"href":"https:\/\/ceas.org.pe\/index.php\/wp-json\/wp\/v2\/posts\/2933","targetHints":{"allow":["GET"]}}],"collection":[{"href":"https:\/\/ceas.org.pe\/index.php\/wp-json\/wp\/v2\/posts"}],"about":[{"href":"https:\/\/ceas.org.pe\/index.php\/wp-json\/wp\/v2\/types\/post"}],"author":[{"embeddable":true,"href":"https:\/\/ceas.org.pe\/index.php\/wp-json\/wp\/v2\/users\/1"}],"replies":[{"embeddable":true,"href":"https:\/\/ceas.org.pe\/index.php\/wp-json\/wp\/v2\/comments?post=2933"}],"version-history":[{"count":1,"href":"https:\/\/ceas.org.pe\/index.php\/wp-json\/wp\/v2\/posts\/2933\/revisions"}],"predecessor-version":[{"id":6285,"href":"https:\/\/ceas.org.pe\/index.php\/wp-json\/wp\/v2\/posts\/2933\/revisions\/6285"}],"wp:featuredmedia":[{"embeddable":true,"href":"https:\/\/ceas.org.pe\/index.php\/wp-json\/wp\/v2\/media\/7919"}],"wp:attachment":[{"href":"https:\/\/ceas.org.pe\/index.php\/wp-json\/wp\/v2\/media?parent=2933"}],"wp:term":[{"taxonomy":"category","embeddable":true,"href":"https:\/\/ceas.org.pe\/index.php\/wp-json\/wp\/v2\/categories?post=2933"},{"taxonomy":"post_tag","embeddable":true,"href":"https:\/\/ceas.org.pe\/index.php\/wp-json\/wp\/v2\/tags?post=2933"}],"curies":[{"name":"wp","href":"https:\/\/api.w.org\/{rel}","templated":true}]}}