{"id":2927,"date":"2016-09-08T10:37:49","date_gmt":"2016-09-08T10:37:49","guid":{"rendered":""},"modified":"2026-03-11T09:12:00","modified_gmt":"2026-03-11T14:12:00","slug":"semana-nacional-de-la-familia-y-la-jornada-por-la-vida","status":"publish","type":"post","link":"https:\/\/ceas.org.pe\/index.php\/2016\/09\/08\/semana-nacional-de-la-familia-y-la-jornada-por-la-vida\/","title":{"rendered":"Semana Nacional de la Familia y la Jornada por la Vida"},"content":{"rendered":"<div>Conscientes de la urgencia de promover el amor en las familias, la Comisi\u00f3n Episcopal de Familia y Vida, de la Conferencia Episcopal Peruana, promueve -como todos los a\u00f1os- la Semana Nacional de la Familia y la Jornada por la Vida, del 4 al 11 de setiembre. En esta oportunidad, el lema que acompa\u00f1a esta celebraci\u00f3n es \u201cFamilia: vive la alegr\u00eda del amor\u201d.<\/div>\n<div>Con ocasi\u00f3n de la celebraci\u00f3n de la Semana Nacional de la Familia, la Comisi\u00f3n Episcopal de Familia, viene difundiendo un texto base, como un valioso instrumento de formaci\u00f3n para celebrar convenientemente la Semana de la Familia.<\/div>\n<div>\u00a0<\/div>\n<div>En la presentaci\u00f3n de este texto, Monse\u00f1or Jos\u00e9 Antonio Eguren Anselmi, Arzobispo de Piura y Presidente de la Comisi\u00f3n Episcopal de Familia y Vida, haciendo menci\u00f3n al Papa Francisco, dice que actualmente, a pesar de las manifestaciones de crisis que vive el matrimonio y la familia, \u201cel llamado a la familia permanece vivo, porque la familia humana, reunida en Cristo, refleja la imagen y semejanza de la Sant\u00edsima Trinidad, misterio del que brota todo amos verdadero\u201d.<\/div>\n<p><a href=\"http:\/\/web.hilo.org.pe\/wp-content\/uploads\/semananacionaldelafamilia.jpg\" target=\"_blank\" rel=\"noopener\">Ver archivo adjunto<\/a><\/p>\n","protected":false},"excerpt":{"rendered":"<p>Conscientes de la urgencia de promover el amor en las familias, la Comisi?n Episcopal de Familia y Vida, de la Conferencia Episcopal Peruana, promueve -como todos los a?os- la Semana Nacional de la Familia y la Jornada por la Vida, del 4 al 11 de setiembre.<\/p>\n","protected":false},"author":1,"featured_media":7893,"comment_status":"closed","ping_status":"closed","sticky":false,"template":"","format":"standard","meta":{"footnotes":""},"categories":[9],"tags":[],"class_list":["post-2927","post","type-post","status-publish","format-standard","has-post-thumbnail","hentry","category-noticias"],"_links":{"self":[{"href":"https:\/\/ceas.org.pe\/index.php\/wp-json\/wp\/v2\/posts\/2927","targetHints":{"allow":["GET"]}}],"collection":[{"href":"https:\/\/ceas.org.pe\/index.php\/wp-json\/wp\/v2\/posts"}],"about":[{"href":"https:\/\/ceas.org.pe\/index.php\/wp-json\/wp\/v2\/types\/post"}],"author":[{"embeddable":true,"href":"https:\/\/ceas.org.pe\/index.php\/wp-json\/wp\/v2\/users\/1"}],"replies":[{"embeddable":true,"href":"https:\/\/ceas.org.pe\/index.php\/wp-json\/wp\/v2\/comments?post=2927"}],"version-history":[{"count":1,"href":"https:\/\/ceas.org.pe\/index.php\/wp-json\/wp\/v2\/posts\/2927\/revisions"}],"predecessor-version":[{"id":6291,"href":"https:\/\/ceas.org.pe\/index.php\/wp-json\/wp\/v2\/posts\/2927\/revisions\/6291"}],"wp:featuredmedia":[{"embeddable":true,"href":"https:\/\/ceas.org.pe\/index.php\/wp-json\/wp\/v2\/media\/7893"}],"wp:attachment":[{"href":"https:\/\/ceas.org.pe\/index.php\/wp-json\/wp\/v2\/media?parent=2927"}],"wp:term":[{"taxonomy":"category","embeddable":true,"href":"https:\/\/ceas.org.pe\/index.php\/wp-json\/wp\/v2\/categories?post=2927"},{"taxonomy":"post_tag","embeddable":true,"href":"https:\/\/ceas.org.pe\/index.php\/wp-json\/wp\/v2\/tags?post=2927"}],"curies":[{"name":"wp","href":"https:\/\/api.w.org\/{rel}","templated":true}]}}