{"id":2926,"date":"2016-09-08T10:34:48","date_gmt":"2016-09-08T10:34:48","guid":{"rendered":""},"modified":"2026-03-11T09:12:00","modified_gmt":"2026-03-11T14:12:00","slug":"productores-capacitados-por-coritas-del-pero-presentes-en-mistura","status":"publish","type":"post","link":"https:\/\/ceas.org.pe\/index.php\/2016\/09\/08\/productores-capacitados-por-coritas-del-pero-presentes-en-mistura\/","title":{"rendered":"Productores capacitados por C\u00f3ritas del Per\u00f3 presentes en Mistura"},"content":{"rendered":"<p>\u00a0Como cada a\u00f1o, la Asociaci\u00f3n de Productores Agroindustriales Emprendedores de Puyusca \u2013 Incuyo participan en la Feria Mistura con productos derivados l\u00e1cteos elaborados en el coraz\u00f3n de los andes peruanos. \u00a0En esta ocasi\u00f3n, los productores estar\u00e1n ubicados en el stand 70, en el gran mercado de esta feria.\u00a0<\/p>\n<div>\u00a0<\/div>\n<div>La Asociaci\u00f3n de Productores ofrecer\u00e1 una gran variedad de quesos de la marca D Puyuska, reconocida por su gran calidad y sabor. Las personas que visiten el stand N\u00b0 70 podr\u00e1n adquirir \u00a0diferentes tipos de queso como el Fresco, Andino y Gouda. Adem\u00e1s, los productores han dispuesto un paquete especial de queso Paria, ganador del primer puesto en la IV Feria Nacional de Ganado Lechero.<\/div>\n<div>\u00a0<\/div>\n<div>La Asociaci\u00f3n de Productores Agroindustriales vienen fortaleciendo sus capacidades desde el a\u00f1o 2013, a trav\u00e9s del proyecto \u00abMejora de la competitividad de la cadena de l\u00e1cteos y su aporte a la reducci\u00f3n de los efectos del friaje con la instalaci\u00f3n de alfalfa dormante en Parinacochas y Pa\u00facar del Sara Sara, Ayacucho\u00bb, ejecutado por C\u00e1ritas del Per\u00fa con el financiamiento del Fondo \u00cdtalo Peruano (FIP). \u00a0Con esta iniciativa se est\u00e1 beneficiando a 1 000 productores de 14 comunidades pobres de Ayacucho.<\/div>\n<div>\u00a0<\/div>\n<div><strong>La historia detr\u00e1s de la elaboraci\u00f3n de los derivados:<\/strong><\/div>\n<div>\u00a0<\/div>\n<div>Con motivo de la participaci\u00f3n de los productores de Puyuska en Mistura 2016, C\u00e1ritas del Per\u00fa y el Fondo \u00cdtalo Peruano est\u00e1n lanzando el video del proyecto donde se puede conocer la historia de los productores y las diferentes etapas de la cadena productiva de l\u00e1cteos, desde la mejora de la alimentaci\u00f3n del ganado hasta la transformaci\u00f3n de la leche en quesos de excelente calidad, en la Planta de Procesamiento de Derivados L\u00e1cteos, de Incuyo, Ayacucho, ubicada a m\u00e1s de 3, 500 m.s.n.m.<\/div>\n<div>El video \u00a0se puede apreciar en el siguiente link: <a href=\"https:\/\/www.youtube.com\/watch?v=zUjAy-OKGK0&#038;index=1&#038;list=PL6Qkbz3CReHDze04eRI8QdRLgRzQ3Dqf5\" target=\"_blank\">http:\/\/goo.gl\/U2nwZm<\/a><\/div>\n<div>\u00a0<\/div>\n<div><strong>El Dato:<\/strong><\/div>\n<div>\u00a0<\/div>\n<div>La feria gastron\u00f3mica Mistura 2016 se realizar\u00e1 en la Costa Verde, en el distrito de Magdalena del Mar desde este viernes 2 al domingo 11 de setiembre. Los productores de Puyuska estar\u00e1n ubicados en el stand 70, en el gran mercado de la feria.<\/div>\n<div>\u00a0<\/div>\n<div>Fuente: caritas.org.pe<\/div>\n<p><a href=\"http:\/\/web.hilo.org.pe\/wp-content\/uploads\/mistura.jpg\" target=\"_blank\" rel=\"noopener\">Ver archivo adjunto<\/a><\/p>\n","protected":false},"excerpt":{"rendered":"<p>\u00a0\u00a0Como cada a\u00f1o, la Asociaci\u00f3n de Productores Agroindustriales Emprendedores de Puyusca \u2013 Incuyo participan en la Feria Mistura con productos derivados l\u00e1cteos elaborados en el coraz\u00f3n de los andes peruanos. \u00a0En esta ocasi\u00f3n, los productores estar\u00e1n ubicados en el stand 70, en el gran mercado de esta feria.\u00a0<\/p>\n","protected":false},"author":1,"featured_media":7923,"comment_status":"closed","ping_status":"closed","sticky":false,"template":"","format":"standard","meta":{"footnotes":""},"categories":[9],"tags":[],"class_list":["post-2926","post","type-post","status-publish","format-standard","has-post-thumbnail","hentry","category-noticias"],"_links":{"self":[{"href":"https:\/\/ceas.org.pe\/index.php\/wp-json\/wp\/v2\/posts\/2926","targetHints":{"allow":["GET"]}}],"collection":[{"href":"https:\/\/ceas.org.pe\/index.php\/wp-json\/wp\/v2\/posts"}],"about":[{"href":"https:\/\/ceas.org.pe\/index.php\/wp-json\/wp\/v2\/types\/post"}],"author":[{"embeddable":true,"href":"https:\/\/ceas.org.pe\/index.php\/wp-json\/wp\/v2\/users\/1"}],"replies":[{"embeddable":true,"href":"https:\/\/ceas.org.pe\/index.php\/wp-json\/wp\/v2\/comments?post=2926"}],"version-history":[{"count":1,"href":"https:\/\/ceas.org.pe\/index.php\/wp-json\/wp\/v2\/posts\/2926\/revisions"}],"predecessor-version":[{"id":6292,"href":"https:\/\/ceas.org.pe\/index.php\/wp-json\/wp\/v2\/posts\/2926\/revisions\/6292"}],"wp:featuredmedia":[{"embeddable":true,"href":"https:\/\/ceas.org.pe\/index.php\/wp-json\/wp\/v2\/media\/7923"}],"wp:attachment":[{"href":"https:\/\/ceas.org.pe\/index.php\/wp-json\/wp\/v2\/media?parent=2926"}],"wp:term":[{"taxonomy":"category","embeddable":true,"href":"https:\/\/ceas.org.pe\/index.php\/wp-json\/wp\/v2\/categories?post=2926"},{"taxonomy":"post_tag","embeddable":true,"href":"https:\/\/ceas.org.pe\/index.php\/wp-json\/wp\/v2\/tags?post=2926"}],"curies":[{"name":"wp","href":"https:\/\/api.w.org\/{rel}","templated":true}]}}