{"id":2925,"date":"2016-09-07T17:30:15","date_gmt":"2016-09-07T17:30:15","guid":{"rendered":""},"modified":"2026-03-11T09:12:00","modified_gmt":"2026-03-11T14:12:00","slug":"vaticano-es-sede-de-la-plataforma-amorica-en-diologo-nuestra-casa-comon","status":"publish","type":"post","link":"https:\/\/ceas.org.pe\/index.php\/2016\/09\/07\/vaticano-es-sede-de-la-plataforma-amorica-en-diologo-nuestra-casa-comon\/","title":{"rendered":"Vaticano es sede de la plataforma Am\u00f3rica en Di\u00f3logo-Nuestra Casa Com\u00f3n"},"content":{"rendered":"<p>El 7 y 8 de septiembre, en la Ciudad del Vaticano se llevar\u00e1 a cabo la plataforma de di\u00e1logo Am\u00e9rica en Di\u00e1logo-Nuestra Casa Com\u00fan. \u00a0En este encuentro participar\u00e1n el Papa Francisco, el Secretario General de la Organizaci\u00f3n de los Estados Americanos (OEA), Luis Almagro, ministros de varios pa\u00edses de las Am\u00e9ricas, embajadores ante la OEA, integrantes de los Poderes judiciales de la regi\u00f3n, l\u00edderes religiosos cat\u00f3licos, jud\u00edos y musulmanes, y distinguidos miembros del mundo acad\u00e9mico, entre otros.<\/p>\n<p>El Di\u00e1logo es parte de la iniciativa impulsada por la Secretar\u00eda General de la OEA con otros socios \u00abProtegiendo la Casa Com\u00fan; Garantizando los derechos de m\u00e1s Gente en las Am\u00e9ricas\u00bb, que se enfoca en un di\u00e1logo participativo, incluyente e interreligioso, amparado en el reino del Estado de Derecho y la justicia.<\/p>\n<div>El objetivo es crear una plataforma de di\u00e1logo entre los pa\u00edses de la OEA, que apoye la reconciliaci\u00f3n y la b\u00fasqueda de soluciones para la protecci\u00f3n de la Casa Com\u00fan, y elaborar un plan de acci\u00f3n para los pr\u00f3ximos tres a\u00f1os.<\/div>\n<div>\u00a0<\/div>\n<div>En el Primer Encuentro Am\u00e9rica en Di\u00e1logo-Nuestra Casa Com\u00fan, el 7 de septiembre, se contar\u00e1 con las presentaciones del Cardenal Jean Louis Tauran, Presidente del Consejo Pontificio para el Di\u00e1logo Interreligioso; el Secretario General Almagro: el Presb\u00edtero Guillermo Marc\u00f3, el dirigente isl\u00e1mico Omar Abboud y el rabino Daniel Goldman. El d\u00eda 8 la iniciativa le ser\u00e1 presentada al Papa Francisco.<\/div>\n<div>\u00a0<\/div>\n<div>La agenda completa del evento <a href=\"http:\/\/www.oas.org\/es\/sg\/casacomun\/agenda.asp?utm_source=OAS+Press+Subscription+List&#038;utm_campaign=6ee625d5c5-AVISO_Papa_Francisco_y_Secretario_Genera9_6_2016&#038;utm_medium=email&#038;utm_term=0_c0f6eeace4-6ee625d5c5-415760069\" target=\"_blank\">est\u00e1 disponible aqu\u00ed.<\/a><\/div>\n<div>\u00a0<\/div>\n<div>Fuente: OEA<\/div>\n<p><a href=\"http:\/\/web.hilo.org.pe\/wp-content\/uploads\/papafrancisco_y_secretario_oea.jpg\" target=\"_blank\" rel=\"noopener\">Ver archivo adjunto<\/a><\/p>\n","protected":false},"excerpt":{"rendered":"<p>El 7 y 8 de septiembre, en la Ciudad del Vaticano se llevar? a cabo la plataforma de di?logo Am?rica en Di?logo-Nuestra Casa Com?n.  En este encuentro participar?n el Papa Francisco, el Secretario General de la Organizaci?n de los Estados Americanos (OEA), Luis Almagro, ministros de varios pa?ses de las Am?ricas, embajadores ante la OEA, integrantes de los Poderes judiciales de la regi?n, l?deres religiosos cat?licos, jud?os y musulmanes, y distinguidos miembros del mundo acad?mico, entre otros.<\/p>\n","protected":false},"author":1,"featured_media":7903,"comment_status":"closed","ping_status":"closed","sticky":false,"template":"","format":"standard","meta":{"footnotes":""},"categories":[9],"tags":[],"class_list":["post-2925","post","type-post","status-publish","format-standard","has-post-thumbnail","hentry","category-noticias"],"_links":{"self":[{"href":"https:\/\/ceas.org.pe\/index.php\/wp-json\/wp\/v2\/posts\/2925","targetHints":{"allow":["GET"]}}],"collection":[{"href":"https:\/\/ceas.org.pe\/index.php\/wp-json\/wp\/v2\/posts"}],"about":[{"href":"https:\/\/ceas.org.pe\/index.php\/wp-json\/wp\/v2\/types\/post"}],"author":[{"embeddable":true,"href":"https:\/\/ceas.org.pe\/index.php\/wp-json\/wp\/v2\/users\/1"}],"replies":[{"embeddable":true,"href":"https:\/\/ceas.org.pe\/index.php\/wp-json\/wp\/v2\/comments?post=2925"}],"version-history":[{"count":1,"href":"https:\/\/ceas.org.pe\/index.php\/wp-json\/wp\/v2\/posts\/2925\/revisions"}],"predecessor-version":[{"id":6293,"href":"https:\/\/ceas.org.pe\/index.php\/wp-json\/wp\/v2\/posts\/2925\/revisions\/6293"}],"wp:featuredmedia":[{"embeddable":true,"href":"https:\/\/ceas.org.pe\/index.php\/wp-json\/wp\/v2\/media\/7903"}],"wp:attachment":[{"href":"https:\/\/ceas.org.pe\/index.php\/wp-json\/wp\/v2\/media?parent=2925"}],"wp:term":[{"taxonomy":"category","embeddable":true,"href":"https:\/\/ceas.org.pe\/index.php\/wp-json\/wp\/v2\/categories?post=2925"},{"taxonomy":"post_tag","embeddable":true,"href":"https:\/\/ceas.org.pe\/index.php\/wp-json\/wp\/v2\/tags?post=2925"}],"curies":[{"name":"wp","href":"https:\/\/api.w.org\/{rel}","templated":true}]}}