{"id":2924,"date":"2016-09-07T17:26:08","date_gmt":"2016-09-07T17:26:08","guid":{"rendered":""},"modified":"2026-03-11T09:12:00","modified_gmt":"2026-03-11T14:12:00","slug":"arzobispo-de-huancayo-denuncia-un-principio-de-epidemia-de-ecologoa-integral","status":"publish","type":"post","link":"https:\/\/ceas.org.pe\/index.php\/2016\/09\/07\/arzobispo-de-huancayo-denuncia-un-principio-de-epidemia-de-ecologoa-integral\/","title":{"rendered":"Arzobispo de Huancayo denuncia un principio de \u00abepidemia de ecolog\u00f3a integral\u00bb"},"content":{"rendered":"<p>\u00a0\u00abLos cient\u00edficos y el papa Francisco en el primer cap\u00edtulo de la enc\u00edclica Laudato si hablan del grave problema del planeta Tierra. El mundo est\u00e1 yendo hacia una destrucci\u00f3n debida al cambio clim\u00e1tico irreversible y est\u00e1 afectando principalmente a las poblaciones m\u00e1s pobres\u00bb, advirti\u00f3 el presidente del Departamento de Justicia y Solidaridad (Dejusol) del Consejo Episcopal Latinoamericano y del Caribe (Celam), monse\u00f1or Pedro Barreto Jimeno SJ, quien participa en Buenos Aires de seminarios sobre el problema del cuidado del medio ambiente.<\/p>\n<div>\u00a0<\/div>\n<div>Barreto advirti\u00f3 hoy que \u00abel mundo est\u00e1 yendo hacia una destrucci\u00f3n\u00bb producto de la contaminaci\u00f3n ambiental, y atribuy\u00f3 esta situaci\u00f3n al \u00abcapitalismo\u00bb globalizado.<\/div>\n<div>\u00a0<\/div>\n<div>El prelado destac\u00f3, por el contrario, que existe un principio de \u00abepidemia de ecolog\u00eda integral\u00bb, a la que consider\u00f3 \u00abpositiva\u00bb porque \u00abse va contagiando\u00bb para que los ciudadanos reprueben la idea de una \u00absociedad consumista\u00bb que lleva a la \u00abdeshumanizaci\u00f3n\u00bb.<\/div>\n<div>\u00a0<\/div>\n<div>Monse\u00f1or Barreto Jimeno hizo estas afirmaciones en el marco de su participaci\u00f3n en los seminarios preparatorios para la 22\u00b0 Conferencia de las Partes (COP 22) de Naciones Unidas -por realizarse en Marruecos entre el 7 y el 18 de noviembre- que comenzaron el jueves y finalizar\u00e1n este martes en el Palacio de las Aguas Corrientes (Ayacucho 751, del barrio porte\u00f1o de Balvanera).<\/div>\n<div>\u00a0<\/div>\n<div>Estos seminarios fueron organizados por la C\u00e1tedra del Di\u00e1logo y de la Cultura del Encuentro -espacio acad\u00e9mico plural inspirado por el papa Francisco- junto con el gobierno nacional y al Centro Internacional para la Promoci\u00f3n de los Derechos Humanos (Cipdh) de la Unesco, dependiente de las Naciones Unidas.<\/div>\n<div>\u00a0<\/div>\n<div>\u00abLos cient\u00edficos y el papa Francisco en el primer cap\u00edtulo de la enc\u00edclica Laudato si hablan del grave problema del planeta Tierra. El mundo est\u00e1 yendo hacia una destrucci\u00f3n debida al cambio clim\u00e1tico irreversible y est\u00e1 afectando principalmente a las poblaciones m\u00e1s pobres\u00bb, sostuvo.<\/div>\n<div>\u00a0<\/div>\n<div>El arzobispo, que luce sobre su pecho el pectoral que le obsequi\u00f3 el pont\u00edfice argentino, atribuy\u00f3 la contaminaci\u00f3n ambiental al \u00abcapitalismo\u00bb globalizado, basado en una \u00abinequidad\u00bb y caracterizada por \u00abricos cada vez m\u00e1s ricos y pobres cada vez m\u00e1s pobres\u00bb.<\/div>\n<div>\u00a0<\/div>\n<div>\u00abCuando hablamos de econom\u00eda estamos hablando de \u2018oikos, del griego casa u hogar, y nomos, distribuir. La econom\u00eda, en realidad, debe proveer una justa distribuci\u00f3n de los recursos. La doctrina social de la Iglesia Cat\u00f3lica, y el papa Francisco insiste sobre eso en la Laudato si, deja claro que Dios ha dado todos los recursos para todos, no para unos cuantos\u00bb, manifest\u00f3.<\/div>\n<div>\u00a0<\/div>\n<div>En este sentido, monse\u00f1or Barreto Jimeno alert\u00f3 que \u00abel meollo m\u00e1s importante del asunto es c\u00f3mo recuperar una visi\u00f3n econ\u00f3mica de distribuci\u00f3n equitativa y no seguir con la l\u00ednea economicista en la que el consumo es m\u00e1s importante que el hombre\u00bb.<\/div>\n<div>\u00a0<\/div>\n<div>\u00abEl papa Francisco dice muy claramente que el dinero no debe gobernar a la persona y, lamentablemente, eso es lo que est\u00e1 pasando en el mundo\u00bb, afirm\u00f3.<\/div>\n<div>\u00a0<\/div>\n<div>El arzobispo peruano llam\u00f3 a \u00abdejar todo lo que divide\u00bb y sumarse a este \u00abconcepto de ecolog\u00eda integral como algo que nos ayuda a todos nosotros a ser aut\u00e9nticos, a no vivir en las apariencias, a vivir en la verdad\u00bb.<\/div>\n<div>\u00a0<\/div>\n<div>Fuente: AICA<\/div>\n<p><a href=\"http:\/\/web.hilo.org.pe\/wp-content\/uploads\/Barreto.jpg\" target=\"_blank\" rel=\"noopener\">Ver archivo adjunto<\/a><\/p>\n","protected":false},"excerpt":{"rendered":"<p>\u00abLos cient?ficos y el papa Francisco en el primer cap?tulo de la enc?clica Laudato si hablan del grave problema del planeta Tierra. El mundo est? yendo hacia una destrucci?n debida al cambio clim?tico irreversible y est? afectando principalmente a las poblaciones m?s pobres\u00bb, advirti? el presidente del Departamento de Justicia y Solidaridad (Dejusol) del Consejo Episcopal Latinoamericano y del Caribe (Celam), monse?or Pedro Barreto Jimeno SJ, quien participa en Buenos Aires de seminarios sobre el problema del cuidado del medio ambiente.<\/p>\n","protected":false},"author":1,"featured_media":7884,"comment_status":"closed","ping_status":"closed","sticky":false,"template":"","format":"standard","meta":{"footnotes":""},"categories":[9],"tags":[],"class_list":["post-2924","post","type-post","status-publish","format-standard","has-post-thumbnail","hentry","category-noticias"],"_links":{"self":[{"href":"https:\/\/ceas.org.pe\/index.php\/wp-json\/wp\/v2\/posts\/2924","targetHints":{"allow":["GET"]}}],"collection":[{"href":"https:\/\/ceas.org.pe\/index.php\/wp-json\/wp\/v2\/posts"}],"about":[{"href":"https:\/\/ceas.org.pe\/index.php\/wp-json\/wp\/v2\/types\/post"}],"author":[{"embeddable":true,"href":"https:\/\/ceas.org.pe\/index.php\/wp-json\/wp\/v2\/users\/1"}],"replies":[{"embeddable":true,"href":"https:\/\/ceas.org.pe\/index.php\/wp-json\/wp\/v2\/comments?post=2924"}],"version-history":[{"count":1,"href":"https:\/\/ceas.org.pe\/index.php\/wp-json\/wp\/v2\/posts\/2924\/revisions"}],"predecessor-version":[{"id":6294,"href":"https:\/\/ceas.org.pe\/index.php\/wp-json\/wp\/v2\/posts\/2924\/revisions\/6294"}],"wp:featuredmedia":[{"embeddable":true,"href":"https:\/\/ceas.org.pe\/index.php\/wp-json\/wp\/v2\/media\/7884"}],"wp:attachment":[{"href":"https:\/\/ceas.org.pe\/index.php\/wp-json\/wp\/v2\/media?parent=2924"}],"wp:term":[{"taxonomy":"category","embeddable":true,"href":"https:\/\/ceas.org.pe\/index.php\/wp-json\/wp\/v2\/categories?post=2924"},{"taxonomy":"post_tag","embeddable":true,"href":"https:\/\/ceas.org.pe\/index.php\/wp-json\/wp\/v2\/tags?post=2924"}],"curies":[{"name":"wp","href":"https:\/\/api.w.org\/{rel}","templated":true}]}}