{"id":2923,"date":"2016-09-05T17:38:39","date_gmt":"2016-09-05T17:38:39","guid":{"rendered":""},"modified":"2026-03-11T09:12:00","modified_gmt":"2026-03-11T14:12:00","slug":"foro-poblico-sobre-cuidado-del-medio-ambiente-se-realizaro-en-arequipa","status":"publish","type":"post","link":"https:\/\/ceas.org.pe\/index.php\/2016\/09\/05\/foro-poblico-sobre-cuidado-del-medio-ambiente-se-realizaro-en-arequipa\/","title":{"rendered":"Foro p\u00f3blico sobre cuidado del medio ambiente se realizar\u00f3 en Arequipa"},"content":{"rendered":"<div>En el marco del Encuentro Regional Sur para Agentes de la Pastoral Social \u2013 Laudato Si\u00b4 que se realizar\u00e1 en nuestra Arquidi\u00f3cesis del 8 al 9 de septiembre, en la casa de retiro \u201cSanta Luisa\u201d en Chilina, el Arzobispado de Arequipa y la Conferencia Episcopal Peruana (CEP) realizar\u00e1n un Foro P\u00fablico sobre el Cuidado del Ambiente denominado: \u201cDesaf\u00edos y compromisos para la sociedad y la Iglesia\u201d, el pr\u00f3ximo jueves 8 de septiembre, en el auditorio de la parroquia \u201cSan Juan Bautista\u201d en Yanahuara, a partir de las 6:30 p.m.<\/div>\n<div>\u00a0<\/div>\n<div>Las ponencias estar\u00e1n a cargo de Mons. Javier Del R\u00edo Alba, Arzobispo de Arequipa, quien ofrecer\u00e1 una charla sobre: Desaf\u00edos y compromisos en el cuidado de nuestra casa com\u00fan a la luz de Laudato Si\u2019, as\u00ed como de reconocidos representantes del sector pol\u00edtico, empresarial y laboral de nuestra Regi\u00f3n, como el Sr. Humberto Olaechea Guillen, Coordinador de la Red Nacional de L\u00edderes Sociales de Arequipa, la Vicepresidenta de Asuntos Corporativos de la Sociedad Minera Cerro Verde, Dra. Julia Torreblanca, entre otras personalidades.<\/div>\n<div>\u00a0<\/div>\n<div>Adem\u00e1s de continuar dando a conocer la Enc\u00edclica \u201cLaudato Si\u201d del Papa Francisco, este Foro busca tambi\u00e9n renovar y relanzar nuestro compromiso con el cuidado de nuestra casa com\u00fan, invit\u00e1ndonos a realizar cambios profundos y radicales en nuestro estilo de vida, en nuestra espiritualidad y en nuestra manera de actuar.<\/div>\n<div>\u00a0<\/div>\n<div>En tanto que el Encuentro Regional Sur, iniciar\u00e1 con la Santa Misa presidida por Mons. Javier C\u00e1rdenas Velarde, Vicario General y la presentaci\u00f3n del evento, en el que se realizar\u00e1n charlas, din\u00e1micas, trabajos en grupo y plenaria para concluir con la Eucarist\u00eda de compromiso y env\u00edo presidida por el Pbro. Alberto R\u00edos Neyra, Vicario Episcopal y un compartir.<\/div>\n<p><a href=\"http:\/\/web.hilo.org.pe\/wp-content\/uploads\/Cuidadodelmedioambiente.jpg\" target=\"_blank\" rel=\"noopener\">Ver archivo adjunto<\/a><\/p>\n","protected":false},"excerpt":{"rendered":"<p>En el marco del Encuentro Regional Sur para Agentes de la Pastoral Social ? Laudato Si? que se realizar? en nuestra Arquidi?cesis del 8 al 9 de septiembre, en la casa de retiro ?Santa Luisa? en Chilina, el Arzobispado de Arequipa y la Conferencia Episcopal Peruana (CEP) realizar?n un Foro P?blico sobre el Cuidado del Ambiente denominado: ?Desaf?os y compromisos para la sociedad y la Iglesia?, el pr?ximo jueves 8 de septiembre, en el auditorio de la parroquia ?San Juan Bautista? en Yanahuara, a partir de las 6:30 p.m.<\/p>\n","protected":false},"author":1,"featured_media":7972,"comment_status":"closed","ping_status":"closed","sticky":false,"template":"","format":"standard","meta":{"footnotes":""},"categories":[9],"tags":[],"class_list":["post-2923","post","type-post","status-publish","format-standard","has-post-thumbnail","hentry","category-noticias"],"_links":{"self":[{"href":"https:\/\/ceas.org.pe\/index.php\/wp-json\/wp\/v2\/posts\/2923","targetHints":{"allow":["GET"]}}],"collection":[{"href":"https:\/\/ceas.org.pe\/index.php\/wp-json\/wp\/v2\/posts"}],"about":[{"href":"https:\/\/ceas.org.pe\/index.php\/wp-json\/wp\/v2\/types\/post"}],"author":[{"embeddable":true,"href":"https:\/\/ceas.org.pe\/index.php\/wp-json\/wp\/v2\/users\/1"}],"replies":[{"embeddable":true,"href":"https:\/\/ceas.org.pe\/index.php\/wp-json\/wp\/v2\/comments?post=2923"}],"version-history":[{"count":1,"href":"https:\/\/ceas.org.pe\/index.php\/wp-json\/wp\/v2\/posts\/2923\/revisions"}],"predecessor-version":[{"id":6295,"href":"https:\/\/ceas.org.pe\/index.php\/wp-json\/wp\/v2\/posts\/2923\/revisions\/6295"}],"wp:featuredmedia":[{"embeddable":true,"href":"https:\/\/ceas.org.pe\/index.php\/wp-json\/wp\/v2\/media\/7972"}],"wp:attachment":[{"href":"https:\/\/ceas.org.pe\/index.php\/wp-json\/wp\/v2\/media?parent=2923"}],"wp:term":[{"taxonomy":"category","embeddable":true,"href":"https:\/\/ceas.org.pe\/index.php\/wp-json\/wp\/v2\/categories?post=2923"},{"taxonomy":"post_tag","embeddable":true,"href":"https:\/\/ceas.org.pe\/index.php\/wp-json\/wp\/v2\/tags?post=2923"}],"curies":[{"name":"wp","href":"https:\/\/api.w.org\/{rel}","templated":true}]}}