{"id":2922,"date":"2016-09-05T17:12:33","date_gmt":"2016-09-05T17:12:33","guid":{"rendered":""},"modified":"2026-03-11T09:12:00","modified_gmt":"2026-03-11T14:12:00","slug":"sigue-la-solidaridad-en-arequipa-desde-coritas-diocesana","status":"publish","type":"post","link":"https:\/\/ceas.org.pe\/index.php\/2016\/09\/05\/sigue-la-solidaridad-en-arequipa-desde-coritas-diocesana\/","title":{"rendered":"Sigue la solidaridad en Arequipa desde C\u00f3ritas Diocesana"},"content":{"rendered":"<div>El Arzobispado de Arequipa, a trav\u00e9s de C\u00e1ritas Diocesana prepara un tercer viaje con ayuda para los damnificados en la provincia de Caylloma, afectados por el sismo de 5.2 grados que da\u00f1\u00f3 varios poblados del Valle del Colca, el pasado 14 de agosto. En esta oportunidad se espera llevar m\u00e1s de 15 toneladas entre alimentos no perecibles, ropa de abrigo, frazadas y tambi\u00e9n herramientas para ayudar a los pobladores, ya que las necesidades son constantes.<\/div>\n<div>\u00a0<\/div>\n<div>La ayuda llegar\u00e1 hasta las zonas que se vieron m\u00e1s afectadas, como son Ichupampa y Achoma, el pr\u00f3ximo viernes 16 de septiembre, pero tambi\u00e9n se espera poder llegar a otras poblaciones, por ello se solicita a la poblaci\u00f3n y a las diferentes instituciones que deseen colaborar, acercarse con sus donaciones a la calle Federico Barreto 146 \u2013 Ferroviarios, comunicarse al (054) 608800 o a trav\u00e9s de la siguiente cuenta en soles del BCP a nombre de C\u00e1ritas Diocesana de Arequipa: 215-1437624-0-70<\/div>\n<div>\u00a0<\/div>\n<div>El primer cargamento de todo lo recolectado, lleg\u00f3 hasta las poblaciones de Ichupampa y Achoma, el pasado 19 de agosto, llevando 10 toneladas de alimentos, ropa de abrigo, agua, frazadas, entre otros, ayudando a m\u00e1s de dos mil trescientas personas, en tanto que, el segundo viaje se realiz\u00f3 el \u00faltimo 26 de agosto, con ayuda para las poblaciones de Coporaque y Yanque, llevando 7 toneladas para compartir con las m\u00e1s de 700 familias afectadas en estas zonas.<\/div>\n<div>\u00a0<\/div>\n<div>Como en cada entrega, el Pbro. Marcos Alarc\u00f3n, Decano de esta jurisdicci\u00f3n, acompa\u00f1ar\u00e1 a los voluntarios de Caritas. (Fuente: Facebook)<\/div>\n<div>\u00a0<\/div>\n<p><a href=\"http:\/\/web.hilo.org.pe\/wp-content\/uploads\/Caritassolidaridad.jpg\" target=\"_blank\" rel=\"noopener\">Ver archivo adjunto<\/a><\/p>\n","protected":false},"excerpt":{"rendered":"<p>El Arzobispado de Arequipa, a trav?s de C?ritas Diocesana prepara un tercer viaje con ayuda para los damnificados en la provincia de Caylloma, afectados por el sismo de 5.2 grados que da?? varios poblados del Valle del Colca, el pasado 14 de agosto.<\/p>\n","protected":false},"author":1,"featured_media":7972,"comment_status":"closed","ping_status":"closed","sticky":false,"template":"","format":"standard","meta":{"footnotes":""},"categories":[9],"tags":[],"class_list":["post-2922","post","type-post","status-publish","format-standard","has-post-thumbnail","hentry","category-noticias"],"_links":{"self":[{"href":"https:\/\/ceas.org.pe\/index.php\/wp-json\/wp\/v2\/posts\/2922","targetHints":{"allow":["GET"]}}],"collection":[{"href":"https:\/\/ceas.org.pe\/index.php\/wp-json\/wp\/v2\/posts"}],"about":[{"href":"https:\/\/ceas.org.pe\/index.php\/wp-json\/wp\/v2\/types\/post"}],"author":[{"embeddable":true,"href":"https:\/\/ceas.org.pe\/index.php\/wp-json\/wp\/v2\/users\/1"}],"replies":[{"embeddable":true,"href":"https:\/\/ceas.org.pe\/index.php\/wp-json\/wp\/v2\/comments?post=2922"}],"version-history":[{"count":1,"href":"https:\/\/ceas.org.pe\/index.php\/wp-json\/wp\/v2\/posts\/2922\/revisions"}],"predecessor-version":[{"id":6296,"href":"https:\/\/ceas.org.pe\/index.php\/wp-json\/wp\/v2\/posts\/2922\/revisions\/6296"}],"wp:featuredmedia":[{"embeddable":true,"href":"https:\/\/ceas.org.pe\/index.php\/wp-json\/wp\/v2\/media\/7972"}],"wp:attachment":[{"href":"https:\/\/ceas.org.pe\/index.php\/wp-json\/wp\/v2\/media?parent=2922"}],"wp:term":[{"taxonomy":"category","embeddable":true,"href":"https:\/\/ceas.org.pe\/index.php\/wp-json\/wp\/v2\/categories?post=2922"},{"taxonomy":"post_tag","embeddable":true,"href":"https:\/\/ceas.org.pe\/index.php\/wp-json\/wp\/v2\/tags?post=2922"}],"curies":[{"name":"wp","href":"https:\/\/api.w.org\/{rel}","templated":true}]}}