{"id":2921,"date":"2016-09-01T13:44:29","date_gmt":"2016-09-01T13:44:29","guid":{"rendered":""},"modified":"2026-03-11T09:12:00","modified_gmt":"2026-03-11T14:12:00","slug":"francisco-propone-el-cuidado-de-la-creacion-como-obra-de-misericordia","status":"publish","type":"post","link":"https:\/\/ceas.org.pe\/index.php\/2016\/09\/01\/francisco-propone-el-cuidado-de-la-creacion-como-obra-de-misericordia\/","title":{"rendered":"Francisco propone el cuidado de la creaci\u00f3n como obra de misericordia"},"content":{"rendered":"<p>El papa Francisco propone un complemento a las dos listas tradicionales de siete obras de misericordia, an\u0303adiendo a cada una el cuidado de la casa comu\u0301n. As\u00ed, explica que como obra de misericordia espiritual, el cuidado de la casa comu\u0301n precisa de la contemplacio\u0301n agradecida del mundo que nos permite descubrir a trave\u0301s de cada cosa alguna ensen\u0303anza que Dios nos quiere transmitir. Como obra de misericordia corporal, el cuidado de la casa comu\u0301n, necesita simples gestos cotidianos donde rompemos la lo\u0301gica de la violencia, del aprovechamiento, del egoi\u0301smo y se manifiesta en todas las acciones que procuran construir un mundo mejor.<\/p>\n<div>\u00a0<\/div>\n<div>La propuesta la ha hecho en su mensaje con ocasi\u00f3n de la Jornada mundial de oraci\u00f3n para el cuidado de la creaci\u00f3n, que se celebra hoy 1 de septiembre, y lleva por tema este a\u00f1o \u201cUsemos misericordia hace nuestra casa com\u00fan\u201d.<\/div>\n<div>\u00a0<\/div>\n<div>Tal y como explica el Santo Padre en el mensaje, la Iglesia cat\u00f3lica celebra esta Jornada en unio\u0301n con los hermanos y hermanas ortodoxos, y con la adhesio\u0301n de otras Iglesias y comunidades cristianas. Y precisa que la jornada pretende ofrecer \u201cuna valiosa oportunidad de renovar la adhesio\u0301n personal a la propia vocacio\u0301n de custodios de la creacio\u0301n\u201d, elevando a Dios \u201cuna accio\u0301n de gracias por la maravillosa obra que \u00c9l ha confiado a nuestro cuidado\u201d.<\/div>\n<div>\u00a0<\/div>\n<div>Asimismo, el Pont\u00edfice asegura que debe ser motivo de alegri\u0301a que, en todo el mundo, hay iniciativas que promueven la justicia ambiental, la solicitud hacia los pobres y el compromiso responsable con la sociedad, \u201cesta\u0301n fomentando el encuentro entre personas, sobre todo jo\u0301venes, de diversos contextos religiosos\u201d.<\/div>\n<div>\u00a0<\/div>\n<div>Por otro lado, el Santo Padre subraya que \u201cno podemos rendirnos o ser indiferentes a la pe\u0301rdida de la biodiversidad y a la destruccio\u0301n de los ecosistemas, a menudo provocados por nuestros comportamientos irresponsables y egoi\u0301stas\u201d.<\/div>\n<div>\u00a0<\/div>\n<div>En esta l\u00ednea advierte de que el planeta continu\u0301a calent\u00e1ndose, en parte a causa de la actividad humana: el 2015 ha sido el an\u0303o ma\u0301s caluroso jama\u0301s registrado y probablemente el 2016 lo sera\u0301 au\u0301n ma\u0301s. Y as\u00ed, a\u00f1ade que los pobre del mundo, que son los menos responsables de los cambios clima\u0301ticos, \u201cson los ma\u0301s vulnerables y sufren ya los efectos\u201d. Adem\u00e1s, el Santo Padre reconoce que \u201ccuando maltratamos la naturaleza, maltratamos tambie\u0301n a los seres humanos\u201d.<\/div>\n<div>\u00a0<\/div>\n<div>En el mensaje, el Papa explica que Dios \u201cnos ha dado la tierra para cultivarla y guardarla con respeto y equilibrio\u201d. Cultivarla demasiado \u2012esto es abusando de ella de modo miope y egoi\u0301sta\u2012, y guardarla poco es pecado.<\/div>\n<div>\u00a0<\/div>\n<div>Por otro lado, el Santo Padre pide que en este An\u0303o Jubilar, \u201caprendamos a buscar la misericordia de Dios por los pecados cometidos contra la creacio\u0301n, que hasta ahora no hemos sabido reconocer ni confesar\u201d y \u201ccomprometa\u0301monos a realizar pasos concretos en el camino de la conversio\u0301n ecolo\u0301gica\u201d. \u00a0El primer paso en este camino \u2013prosigue Francisco\u2013 es siempre un examen de conciencia, que implica un reconocimiento del mundo como un don recibido del amor del Padre, que provoca como consecuencia actitudes gratuitas de renuncia y gestos generosos. Y asegura que tambie\u0301n implica \u201cla amorosa conciencia de no estar desconectados de las dema\u0301s criaturas, de formar con los dema\u0301s seres del universo una preciosa comunio\u0301n universal\u201d.<\/div>\n<div>\u00a0<\/div>\n<div>El examen de conciencia, el arrepentimiento y la confesio\u0301n al Padre rico de misericordia, nos conducen a un firme propo\u0301sito de cambio de vida, observa Francisco. Y esto \u2013a\u00f1ade debe traducirse en actitudes y comportamientos concretos ma\u0301s respetuosos con la creacio\u0301n. \u00a0Como por ejemplo, propone el Santo Padre, hacer un uso prudente del pla\u0301stico y del papel, no desperdiciar el agua, la comida y la energi\u0301a ele\u0301ctrica, diferenciar los residuos, tratar con cuidado a los otros seres vivos, utilizar el transporte pu\u0301blico y compartir el mismo vehi\u0301culo entre varias personas, entre otras cosas.<\/div>\n<div>\u00a0<\/div>\n<div>En esta l\u00ednea, asegura que la economi\u0301a y la poli\u0301tica, la sociedad y la cultura, \u201cno pueden estar dominadas por una mentalidad del corto plazo y de la bu\u0301squeda de un inmediato provecho financiero o electoral\u201d.<\/div>\n<div>\u00a0<\/div>\n<div>A prop\u00f3sito del los Objetivos del Desarrollo Sostenible adoptados por los pa\u00edses del mundo en septiembre de 2015, el papa Francisco recuerda que ahora los Gobiernos tienen el deber de respetar los compromisos que han asumido, mientras las empresas deben hacer responsablemente su parte, y corresponde a los ciudadanos exigir que esto se realice.<\/div>\n<div>\u00a0<\/div>\n<div>Finalmente, el Pont\u00edfice asegura que a pesar de nuestros pecados y los tremendos desafi\u0301os que tenemos delante, \u201cno perdamos la esperanza\u201d.<\/div>\n<div>\u00a0<\/div>\n<div>Fuente: zenit.org<\/div>\n<p><a href=\"http:\/\/web.hilo.org.pe\/wp-content\/uploads\/Cuidadodelacreacion.jpg\" target=\"_blank\" rel=\"noopener\">Ver archivo adjunto<\/a><\/p>\n","protected":false},"excerpt":{"rendered":"<p>\u00a0El papa Francisco propone un complemento a las dos listas tradicionales de siete obras de misericordia, an\u0303adiendo a cada una el cuidado de la casa comu\u0301n. As\u00ed, explica que como obra de misericordia espiritual, el cuidado de la casa comu\u0301n precisa de la contemplacio\u0301n agradecida del mundo que nos permite descubrir a trave\u0301s de cada cosa alguna ensen\u0303anza que Dios nos quiere transmitir.\u00a0<\/p>\n","protected":false},"author":1,"featured_media":7855,"comment_status":"closed","ping_status":"closed","sticky":false,"template":"","format":"standard","meta":{"footnotes":""},"categories":[9],"tags":[],"class_list":["post-2921","post","type-post","status-publish","format-standard","has-post-thumbnail","hentry","category-noticias"],"_links":{"self":[{"href":"https:\/\/ceas.org.pe\/index.php\/wp-json\/wp\/v2\/posts\/2921","targetHints":{"allow":["GET"]}}],"collection":[{"href":"https:\/\/ceas.org.pe\/index.php\/wp-json\/wp\/v2\/posts"}],"about":[{"href":"https:\/\/ceas.org.pe\/index.php\/wp-json\/wp\/v2\/types\/post"}],"author":[{"embeddable":true,"href":"https:\/\/ceas.org.pe\/index.php\/wp-json\/wp\/v2\/users\/1"}],"replies":[{"embeddable":true,"href":"https:\/\/ceas.org.pe\/index.php\/wp-json\/wp\/v2\/comments?post=2921"}],"version-history":[{"count":1,"href":"https:\/\/ceas.org.pe\/index.php\/wp-json\/wp\/v2\/posts\/2921\/revisions"}],"predecessor-version":[{"id":6297,"href":"https:\/\/ceas.org.pe\/index.php\/wp-json\/wp\/v2\/posts\/2921\/revisions\/6297"}],"wp:featuredmedia":[{"embeddable":true,"href":"https:\/\/ceas.org.pe\/index.php\/wp-json\/wp\/v2\/media\/7855"}],"wp:attachment":[{"href":"https:\/\/ceas.org.pe\/index.php\/wp-json\/wp\/v2\/media?parent=2921"}],"wp:term":[{"taxonomy":"category","embeddable":true,"href":"https:\/\/ceas.org.pe\/index.php\/wp-json\/wp\/v2\/categories?post=2921"},{"taxonomy":"post_tag","embeddable":true,"href":"https:\/\/ceas.org.pe\/index.php\/wp-json\/wp\/v2\/tags?post=2921"}],"curies":[{"name":"wp","href":"https:\/\/api.w.org\/{rel}","templated":true}]}}