{"id":2920,"date":"2016-09-01T13:33:10","date_gmt":"2016-09-01T13:33:10","guid":{"rendered":""},"modified":"2026-03-11T09:12:00","modified_gmt":"2026-03-11T14:12:00","slug":"ii-jornada-mundial-de-oracion-por-el-cuidado-de-la-creacion","status":"publish","type":"post","link":"https:\/\/ceas.org.pe\/index.php\/2016\/09\/01\/ii-jornada-mundial-de-oracion-por-el-cuidado-de-la-creacion\/","title":{"rendered":"II Jornada Mundial de Oraci\u00f3n por el Cuidado de la Creaci\u00f3n"},"content":{"rendered":"<p>As\u00ed titula el Papa Francisco su Mensaje para la II Jornada Mundial de Oraci\u00f3n por el Cuidado de la Creaci\u00f3n, instituida por \u00e9l en 2015, para aunar las oraciones de la Iglesia cat\u00f3lica con las de los hermanos y hermanas ortodoxos y las de otras Comunidades cristianas. El Santo Padre se\u00f1ala que: \u00ablos Cristianos y los no cristianos, las personas de fe y de buena voluntad, hemos de estar unidos en demostrar misericordia con nuestra casa com\u00fan \u2015la tierra\u2015 y valorizar plenamente el mundo en el cual vivimos como lugar del compartir y de comuni\u00f3n\u00bb.<\/p>\n<p>\u00abLa tierra grita\u2026\u00bb \u00ab\u2026porque hemos pecado\u00bb. \u00abExamen de conciencia y arrepentimiento\u00bb. \u00a0\u00abCambiar de ruta\u00bb. \u00abUna nueva obra de misericordia\u00bb. \u00abEn conclusi\u00f3n, oremos\u00bb<\/p>\n<div>Son los cinco puntos del denso mensaje pontificio, fechado el 1\u00ba de septiembre de 2016, d\u00eda de esta celebraci\u00f3n<\/div>\n<div>\u00a0<\/div>\n<div>En el primero, \u00abLa tierra grita\u2026\u00bb, el Papa escribe:<\/div>\n<div>\u00abCon este Mensaje, renuevo el di\u00e1logo con \u00abtoda persona que vive en este planeta\u00bb respecto a los sufrimientos que afligen a los pobres y la devastaci\u00f3n del medio ambiente. Dios nos hizo el don de un jard\u00edn exuberante, pero lo estamos convirtiendo en una superficie contaminada de \u00abescombros, desiertos y suciedad\u00bb (Laudato si\u2019, 161)\u00bb. Y reitera que \u00abno podemos rendirnos o ser indiferentes a la p\u00e9rdida de la biodiversidad y a la destrucci\u00f3n de los ecosistemas, a menudo provocados por nuestros comportamientos irresponsables y ego\u00edstas\u00bb.<\/div>\n<div>\u00a0<\/div>\n<div>Ante el calentamiento de nuestro el planeta \u00aben parte a causa de la actividad humana: el 2015 ha sido el a\u00f1o m\u00e1s caluroso jam\u00e1s registrado y probablemente el 2016 lo ser\u00e1 a\u00fan m\u00e1s\u00bb. Y las consecuencias como \u00absequ\u00eda, inundaciones, incendios y fen\u00f3menos meteorol\u00f3gicos extremos cada vez m\u00e1s graves\u00bb, el Papa hace hincapi\u00e9 en que \u00ablos cambios clim\u00e1ticos contribuyen tambi\u00e9n a la dolorosa crisis de los emigrantes forzosos. Los pobres del mundo, que son los menos responsables de los cambios clim\u00e1ticos, son los m\u00e1s vulnerables y sufren ya los efectos\u00bb.<\/div>\n<div>\u00a0<\/div>\n<div>E invita a escuchar \u00abtanto el clamor de la tierra como el clamor de los pobres\u00bb (ib\u00edd., 49), y a tratar de \u00abcomprender atentamente c\u00f3mo poder asegurar una respuesta adecuada y oportuna\u00bb.<\/div>\n<div>\u00a0<\/div>\n<div>En el segundo punto \u00ab\u2026porque hemos pecado\u00bb, el Sucesor de Pedro recuerda que \u00abcon valent\u00eda, el querido Patriarca Bartolom\u00e9, repetidamente y prof\u00e9ticamente, ha puesto de manifiesto nuestros pecados contra la creaci\u00f3n\u00bb.<\/div>\n<div>\u00a0<\/div>\n<div>\u00abQue el Jubileo de la Misericordia pueda llamar de nuevo a los fieles cristianos \u00aba una profunda conversi\u00f3n interior\u00bb (Laudato si\u2019, 217), sostenida particularmente por el sacramento de la Penitencia\u00bb, desea el Papa Francisco, con el anhelo de que \u00aben este A\u00f1o Jubilar, aprendamos a buscar la misericordia de Dios por los pecados cometidos contra la creaci\u00f3n, que hasta ahora no hemos sabido reconocer ni confesar; y compromet\u00e1monos a realizar pasos concretos en el camino de la conversi\u00f3n ecol\u00f3gica, que pide una clara toma de conciencia de nuestra responsabilidad con nosotros mismos, con el pr\u00f3jimo, con la creaci\u00f3n y con el creador (cf. ib\u00edd., 10; 229)\u00bb.<\/div>\n<div>\u00a0<\/div>\n<div>Examen de conciencia y arrepentimiento. Es el tercer punto del Mensaje del Papa Francisco<\/div>\n<div>\u00abEn el \u00a02000, tambi\u00e9n un A\u00f1o jubilar, mi predecesor \u00abSan Juan Pablo II invit\u00f3 a los cat\u00f3licos a arrepentirse por la intolerancia religiosa pasada y presente, as\u00ed como por las injusticias cometidas contra los hebreos, las mujeres, los pueblos ind\u00edgenas, los inmigrantes, los pobres y los no nacidos\u00bb, recuerda el Papa Bergoglio, que a\u00f1ade su invitaci\u00f3n, para el \u00abJubileo Extraordinario de la Misericordia\u00bb. Y escribe: \u00abinvito a cada uno a hacer lo mismo. Como personas acostumbradas a estilos de vida inducidos por una malentendida cultura del bienestar o por un \u00abdeseo desordenado de consumir m\u00e1s de lo que realmente se necesita\u00bb (ib\u00edd., 123), y como part\u00edcipes de un sistema que \u00abha impuesto la l\u00f3gica de las ganancias a cualquier costo sin pensar en la exclusi\u00f3n social o la destrucci\u00f3n de la naturaleza\u00bb, arrepint\u00e1monos del mal que estamos haciendo a nuestra casa com\u00fan\u00bb.<\/div>\n<div>En el cuarto punto de su Mensaje: \u00abCambiar de ruta\u00bb, el Papa destaca la importancia del firme prop\u00f3sito de cambio de vida<\/div>\n<div>\u00a0<\/div>\n<div>Exhorta a comportamientos concretos m\u00e1s respetuosos con la creaci\u00f3n, como, por ejemplo, hacer un \u00abuso prudente del pl\u00e1stico y del papel, no desperdiciar el agua, la comida y la energ\u00eda el\u00e9ctrica, diferenciar los residuos, tratar con cuidado a los otros seres vivos, utilizar el transporte p\u00fablico y compartir el mismo veh\u00edculo entre varias personas, entre otras cosas (cf. Laudado si\u2019, 211)\u00bb.<\/div>\n<div>\u00a0<\/div>\n<div>Recuerda la responsabilidad de la econom\u00eda y la pol\u00edtica, la sociedad y la cultura, que \u00abno pueden estar dominadas por una mentalidad del corto plazo y de la b\u00fasqueda de un inmediato provecho financiero o electoral. Por el contrario, \u00e9stas deben ser urgentemente reorientadas hacia el bien com\u00fan, que incluye la sostenibilidad y el cuidado de la creaci\u00f3n\u00bb.<\/div>\n<div>Y se\u00f1ala que \u00abun caso concreto es el de la \u00abdeuda ecol\u00f3gica\u00bb entre el norte y el sur del mundo (cf. ib\u00edd., 51-52). Su restituci\u00f3n har\u00eda necesario que se tomase cuidado de la naturaleza de los pa\u00edses m\u00e1s pobres, proporcion\u00e1ndoles recursos financiaros y asistencia t\u00e9cnica que les ayuden a gestionar las consecuencias de los cambios clim\u00e1ticos y a promover el desarrollo sostenible\u00bb.<\/div>\n<div>\u00a0<\/div>\n<div>Con satisfacci\u00f3n ante la aprobaci\u00f3n de los Objetivos del Desarrollo Sostenible y del Acuerdo de Par\u00eds sobre los cambios clim\u00e1ticos, el Papa se\u00f1ala que \u00a0\u00abahora los Gobiernos tienen el deber de respetar los compromisos que han asumido, mientras las empresas deben hacer responsablemente su parte, y corresponde a los ciudadanos exigir que esto se realice, es m\u00e1s, que se mire a objetivos cada vez m\u00e1s ambiciosos\u00bb.<\/div>\n<div>\u00a0<\/div>\n<div>\u00abUna nueva obra de misericordia\u00bb, es el quinto punto del Mensaje del Papa<\/div>\n<div>\u00abMe permito proponer un complemento a las dos listas tradicionales de siete obras de misericordia, a\u00f1adiendo a cada una el cuidado de la casa com\u00fan\u00bb \u2013 escribe Francisco y a\u00f1ade:<\/div>\n<div>\u00a0<\/div>\n<div>\u00abComo obra de misericordia espiritual, el cuidado de la casa com\u00fan precisa \u00abla contemplaci\u00f3n agradecida del mundo\u00bb (Laudato si\u2019, 214) que \u00abnos permite descubrir a trav\u00e9s de cada cosa alguna ense\u00f1anza que Dios nos quiere transmitir\u00bb (ib\u00edd., 85). Como obra de misericordia corporal, el cuidado de la casa com\u00fan, necesita \u00absimples gestos cotidianos donde rompemos la l\u00f3gica de la violencia, del aprovechamiento, del ego\u00edsmo [\u2026] y se manifiesta en todas las acciones que procuran construir un mundo mejor\u00bb (ib\u00edd., 230-231)\u00bb.<\/div>\n<div>\u00a0<\/div>\n<div>En conclusi\u00f3n, oremos. Es el sexto y \u00faltimo punto del Mensaje del Papa Francisco<\/div>\n<div>\u00abA pesar de nuestros pecados y los tremendos desaf\u00edos que tenemos delante, no perdamos la esperanza: \u00abEl Creador no nos abandona, nunca hizo marcha atr\u00e1s en su proyecto de amor, no se arrepiente de habernos creado [\u2026] porque se ha unido definitivamente a nuestra tierra, y su amor siempre nos lleva a encontrar nuevos caminos\u00bb (ib\u00edd., 13;245). El 1 de septiembre en particular, y despu\u00e9s durante el resto del a\u00f1o, recemos:<\/div>\n<div>\u00a0<\/div>\n<div>\u00abOh Dios de los pobres, ay\u00fadanos a rescatar a los abandonados y a los olvidados de esta tierra que son tan valiosos a tus ojos. [\u2026] Dios de amor, mu\u00e9stranos nuestro lugar en este mundo \u00a0como instrumentos de tu cari\u00f1o \u00a0por todos los seres de esta tierra (ib\u00edd., 246). Dios de Misericordia, conc\u00e9denos recibir tu perd\u00f3n y transmitir tu misericordia en toda nuestra casa com\u00fan.<\/div>\n<div>\u00a0<\/div>\n<div>Alabado seas.<\/div>\n<div>\u00a0<\/div>\n<div>Am\u00e9n\u00bb.<\/div>\n<div>\u00a0<\/div>\n<div>Fuente: noticiasdelvaticano<\/div>\n<p><a href=\"http:\/\/web.hilo.org.pe\/wp-content\/uploads\/Oracioncuidado de la creacion.jpg\" target=\"_blank\" rel=\"noopener\">Ver archivo adjunto<\/a><\/p>\n","protected":false},"excerpt":{"rendered":"<p>As? titula el Papa Francisco su Mensaje para la II Jornada Mundial de Oraci?n por el Cuidado de la Creaci?n, instituida por ?l en 2015, para aunar las oraciones de la Iglesia cat?lica con las de los hermanos y hermanas ortodoxos y las de otras Comunidades cristianas. El Santo Padre se?ala que: ?los Cristianos y los no cristianos, las personas de fe y de buena voluntad, hemos de estar unidos en demostrar misericordia con nuestra casa com?n &#8213;la tierra&#8213; y valorizar plenamente el mundo en el cual vivimos como lugar del compartir y de comuni?n?.<\/p>\n","protected":false},"author":1,"featured_media":7881,"comment_status":"closed","ping_status":"closed","sticky":false,"template":"","format":"standard","meta":{"footnotes":""},"categories":[9],"tags":[],"class_list":["post-2920","post","type-post","status-publish","format-standard","has-post-thumbnail","hentry","category-noticias"],"_links":{"self":[{"href":"https:\/\/ceas.org.pe\/index.php\/wp-json\/wp\/v2\/posts\/2920","targetHints":{"allow":["GET"]}}],"collection":[{"href":"https:\/\/ceas.org.pe\/index.php\/wp-json\/wp\/v2\/posts"}],"about":[{"href":"https:\/\/ceas.org.pe\/index.php\/wp-json\/wp\/v2\/types\/post"}],"author":[{"embeddable":true,"href":"https:\/\/ceas.org.pe\/index.php\/wp-json\/wp\/v2\/users\/1"}],"replies":[{"embeddable":true,"href":"https:\/\/ceas.org.pe\/index.php\/wp-json\/wp\/v2\/comments?post=2920"}],"version-history":[{"count":1,"href":"https:\/\/ceas.org.pe\/index.php\/wp-json\/wp\/v2\/posts\/2920\/revisions"}],"predecessor-version":[{"id":6298,"href":"https:\/\/ceas.org.pe\/index.php\/wp-json\/wp\/v2\/posts\/2920\/revisions\/6298"}],"wp:featuredmedia":[{"embeddable":true,"href":"https:\/\/ceas.org.pe\/index.php\/wp-json\/wp\/v2\/media\/7881"}],"wp:attachment":[{"href":"https:\/\/ceas.org.pe\/index.php\/wp-json\/wp\/v2\/media?parent=2920"}],"wp:term":[{"taxonomy":"category","embeddable":true,"href":"https:\/\/ceas.org.pe\/index.php\/wp-json\/wp\/v2\/categories?post=2920"},{"taxonomy":"post_tag","embeddable":true,"href":"https:\/\/ceas.org.pe\/index.php\/wp-json\/wp\/v2\/tags?post=2920"}],"curies":[{"name":"wp","href":"https:\/\/api.w.org\/{rel}","templated":true}]}}