{"id":2919,"date":"2016-08-31T19:30:39","date_gmt":"2016-08-31T19:30:39","guid":{"rendered":""},"modified":"2026-03-11T09:12:00","modified_gmt":"2026-03-11T14:12:00","slug":"papa-instituyo-dicasterio-para-el-servicio-del-desarrollo-humano-integral","status":"publish","type":"post","link":"https:\/\/ceas.org.pe\/index.php\/2016\/08\/31\/papa-instituyo-dicasterio-para-el-servicio-del-desarrollo-humano-integral\/","title":{"rendered":"Papa instituy\u00f3 Dicasterio para el Servicio del Desarrollo Humano Integral"},"content":{"rendered":"<p>Hoy L\u2019Osservatore Romano publica la Carta Apost\u00f3lica en forma de \u00a0Motu Proprio del Papa Francisco, con la que se instituye el nuevo \u00abDicasterio para el Servicio del Desarrollo Humano Integral\u00bb, as\u00ed como su Estatuto.<\/p>\n<p>Con este anuncio, un comunicado de la Oficina de Prensa de la Santa Sede se\u00f1ala que a partir del 1\u00ba de enero de 2017, en el nuevo Dicasterio confluir\u00e1n los Pontificios Consejos para la Justicia y la Paz, Cor Unum, para la Pastoral de los Migrantes e Itinerantes y para la Pastoral de los Agentes Sanitarios. A partir de esa fecha, estos cuatro Dicasterios cesar\u00e1n en sus funciones y quedar\u00e1n suprimidos, abrog\u00e1ndose asimismo los art\u00edculos 142-153 de la Constituci\u00f3n Apost\u00f3lica Pastor Bonus.<\/p>\n<div>\u00abUna secci\u00f3n del nuevo Dicasterio expresa de manera especial la solicitud del Papa hacia los migrantes\u00bb, se lee asimismo en el comunicado de la Oficina de Prensa de la Santa Sede, que a\u00f1ade que \u00aben efecto, no puede haber hoy un servicio al desarrollo humano integral sin una especial atenci\u00f3n al fen\u00f3meno migratorio. Por ello, esta secci\u00f3n est\u00e1 puesta ad tempus directamente bajo la gu\u00eda del Sumo Pont\u00edfice (cfr Estatuto art. 1 \u00a74)\u00bb.<\/div>\n<div>\u00a0<\/div>\n<div>El Santo Padre ha nombrado Prefecto del nuevo Dicasterio al Cardenal Peter Kodwo Appiah Turkson, actual Presidente del Pontificio Consejo para la Justicia y la Paz.<\/div>\n<div>\u00a0<\/div>\n<div>Fuente: radiovaticana.va<\/div>\n<div>\u00a0<\/div>\n<p><a href=\"http:\/\/web.hilo.org.pe\/wp-content\/uploads\/El Papa Francisco instituye Dicasterio.JPG\" target=\"_blank\" rel=\"noopener\">Ver archivo adjunto<\/a><\/p>\n","protected":false},"excerpt":{"rendered":"<p>Hoy L?Osservatore Romano publica la Carta Apost?lica en forma de  Motu Proprio del Papa Francisco, con la que se instituye el nuevo ?Dicasterio para el Servicio del Desarrollo Humano Integral?, as? como su Estatuto.<\/p>\n","protected":false},"author":1,"featured_media":7874,"comment_status":"closed","ping_status":"closed","sticky":false,"template":"","format":"standard","meta":{"footnotes":""},"categories":[9],"tags":[],"class_list":["post-2919","post","type-post","status-publish","format-standard","has-post-thumbnail","hentry","category-noticias"],"_links":{"self":[{"href":"https:\/\/ceas.org.pe\/index.php\/wp-json\/wp\/v2\/posts\/2919","targetHints":{"allow":["GET"]}}],"collection":[{"href":"https:\/\/ceas.org.pe\/index.php\/wp-json\/wp\/v2\/posts"}],"about":[{"href":"https:\/\/ceas.org.pe\/index.php\/wp-json\/wp\/v2\/types\/post"}],"author":[{"embeddable":true,"href":"https:\/\/ceas.org.pe\/index.php\/wp-json\/wp\/v2\/users\/1"}],"replies":[{"embeddable":true,"href":"https:\/\/ceas.org.pe\/index.php\/wp-json\/wp\/v2\/comments?post=2919"}],"version-history":[{"count":1,"href":"https:\/\/ceas.org.pe\/index.php\/wp-json\/wp\/v2\/posts\/2919\/revisions"}],"predecessor-version":[{"id":6299,"href":"https:\/\/ceas.org.pe\/index.php\/wp-json\/wp\/v2\/posts\/2919\/revisions\/6299"}],"wp:featuredmedia":[{"embeddable":true,"href":"https:\/\/ceas.org.pe\/index.php\/wp-json\/wp\/v2\/media\/7874"}],"wp:attachment":[{"href":"https:\/\/ceas.org.pe\/index.php\/wp-json\/wp\/v2\/media?parent=2919"}],"wp:term":[{"taxonomy":"category","embeddable":true,"href":"https:\/\/ceas.org.pe\/index.php\/wp-json\/wp\/v2\/categories?post=2919"},{"taxonomy":"post_tag","embeddable":true,"href":"https:\/\/ceas.org.pe\/index.php\/wp-json\/wp\/v2\/tags?post=2919"}],"curies":[{"name":"wp","href":"https:\/\/api.w.org\/{rel}","templated":true}]}}