{"id":2918,"date":"2016-08-31T19:25:39","date_gmt":"2016-08-31T19:25:39","guid":{"rendered":""},"modified":"2026-03-11T09:12:01","modified_gmt":"2026-03-11T14:12:01","slug":"finalizo-jubileo-del-continente-americano-experiencia-de-la-misericordia-de-dios","status":"publish","type":"post","link":"https:\/\/ceas.org.pe\/index.php\/2016\/08\/31\/finalizo-jubileo-del-continente-americano-experiencia-de-la-misericordia-de-dios\/","title":{"rendered":"Finaliz\u00f3 Jubileo del Continente Americano: experiencia de la misericordia de Dios"},"content":{"rendered":"<p>Ha sido \u00abuna celebraci\u00f3n continental del Jubileo extraordinario de la Misericordia, dentro de los prop\u00f3sitos que el Santo Papa Francisco ha querido trazar a la Iglesia en este A\u00f1o Jubilar\u00bb. As\u00ed define el cardenal Rub\u00e9n Salazar G\u00f3mez, Arzobispo de Bogot\u00e1 y Presidente del Celam, el Jubileo del Continente Americano que concluy\u00f3 este lunes en Colombia.\u00a0<\/p>\n<div>\u00a0<\/div>\n<div>\u201cHemos meditado sobre la misericordia, hemos experimentado la misericordia pasando la Puerta Santa y recibiendo los frutos del Jubileo, hemos contemplado las figuras de los santos americanos que han vivido la misericordia del Se\u00f1or de una manera ejemplar, y nos hemos adentrado en las obras de misericordia concretas de la Iglesia. Ha sido una experiencia hermosa que a nivel continental nos ha enriquecido enormemente no s\u00f3lo a nosotros, sino a trav\u00e9s de nosotros, a nuestros pa\u00edses\u201d.<\/div>\n<div>\u00a0<\/div>\n<div>Por su parte el Card. Jorge Urosa Savino, Arzobispo de Caracas, destaca la gracia de participar en el Jubileo de la Misericordia en Am\u00e9rica, refiri\u00e9ndose al mismo como \u201cun verdadero don de Dios que se vuelca a la humanidad y nos invita a ser misericordiosos con nuestros hermanos\u201d. \u201cFelicito a la Pontificia Comisi\u00f3n para Am\u00e9rica Latina, al Celam y a la arquidi\u00f3cesis de Bogot\u00e1 por este evento que ha sido maravillosamente organizado\u201d.<\/div>\n<div>Las entrevistas son gentileza del padre Jos\u00e9 Ignacio Tola de la Pontificia Comisi\u00f3n para Am\u00e9rica Latina.\u00a0<\/div>\n<div>\u00a0<\/div>\n<div>Fuente:Radio Vaticano<\/div>\n<p><a href=\"http:\/\/web.hilo.org.pe\/wp-content\/uploads\/Jubileo del Continente Americano.jpg\" target=\"_blank\" rel=\"noopener\">Ver archivo adjunto<\/a><\/p>\n","protected":false},"excerpt":{"rendered":"<p>Ha sido \u00abuna celebraci?n continental del Jubileo extraordinario de la Misericordia, dentro de los prop?sitos que el Santo Papa Francisco ha querido trazar a la Iglesia en este A?o Jubilar\u00bb. As? define el cardenal Rub?n Salazar G?mez, Arzobispo de Bogot? y Presidente del Celam, el Jubileo del Continente Americano que concluy? este lunes en Colombia.<\/p>\n","protected":false},"author":1,"featured_media":8111,"comment_status":"closed","ping_status":"closed","sticky":false,"template":"","format":"standard","meta":{"footnotes":""},"categories":[9],"tags":[],"class_list":["post-2918","post","type-post","status-publish","format-standard","has-post-thumbnail","hentry","category-noticias"],"_links":{"self":[{"href":"https:\/\/ceas.org.pe\/index.php\/wp-json\/wp\/v2\/posts\/2918","targetHints":{"allow":["GET"]}}],"collection":[{"href":"https:\/\/ceas.org.pe\/index.php\/wp-json\/wp\/v2\/posts"}],"about":[{"href":"https:\/\/ceas.org.pe\/index.php\/wp-json\/wp\/v2\/types\/post"}],"author":[{"embeddable":true,"href":"https:\/\/ceas.org.pe\/index.php\/wp-json\/wp\/v2\/users\/1"}],"replies":[{"embeddable":true,"href":"https:\/\/ceas.org.pe\/index.php\/wp-json\/wp\/v2\/comments?post=2918"}],"version-history":[{"count":1,"href":"https:\/\/ceas.org.pe\/index.php\/wp-json\/wp\/v2\/posts\/2918\/revisions"}],"predecessor-version":[{"id":6300,"href":"https:\/\/ceas.org.pe\/index.php\/wp-json\/wp\/v2\/posts\/2918\/revisions\/6300"}],"wp:featuredmedia":[{"embeddable":true,"href":"https:\/\/ceas.org.pe\/index.php\/wp-json\/wp\/v2\/media\/8111"}],"wp:attachment":[{"href":"https:\/\/ceas.org.pe\/index.php\/wp-json\/wp\/v2\/media?parent=2918"}],"wp:term":[{"taxonomy":"category","embeddable":true,"href":"https:\/\/ceas.org.pe\/index.php\/wp-json\/wp\/v2\/categories?post=2918"},{"taxonomy":"post_tag","embeddable":true,"href":"https:\/\/ceas.org.pe\/index.php\/wp-json\/wp\/v2\/tags?post=2918"}],"curies":[{"name":"wp","href":"https:\/\/api.w.org\/{rel}","templated":true}]}}