{"id":2916,"date":"2016-08-29T13:35:31","date_gmt":"2016-08-29T13:35:31","guid":{"rendered":""},"modified":"2026-03-11T09:12:01","modified_gmt":"2026-03-11T14:12:01","slug":"papa-francisco-se-reunio-con-fundador-y-director-de-facebook","status":"publish","type":"post","link":"https:\/\/ceas.org.pe\/index.php\/2016\/08\/29\/papa-francisco-se-reunio-con-fundador-y-director-de-facebook\/","title":{"rendered":"Papa Francisco se reuni\u00f3 con fundador y director de Facebook"},"content":{"rendered":"<div>El Papa Francisco ha recibido esta ma\u00f1ana en audiencia privada en el Vaticano a Mark Zuckerberg, fundador y director ejecutivo de Facebook, junto a su mujer, Priscilla Chan.<\/div>\n<div>Facebook es una de las primeras redes sociales que vieron la luz hace a\u00f1os y que supuso un antes y un despu\u00e9s en la era digital.<\/div>\n<div>\u00a0<\/div>\n<div>Seg\u00fan inform\u00f3 la Santa Sede en un comunicado, \u201chan hablado de c\u00f3mo usar las tecnolog\u00edas de comunicaci\u00f3n para aliviar la pobreza, animar a una cultura del encuentro y hacer llegar un mensaje de esperanza, especialmente a las personas m\u00e1s perjudicadas\u201d.<\/div>\n<div>\u00a0<\/div>\n<div>Durante la audiencia, el fundador de Facebook le entreg\u00f3 diversos obsequios al Papa.<\/div>\n<div>Por otra parte, el pasado 26 de febrero Francisco tambi\u00e9n recibi\u00f3 al cofundador y director ejecutivo de Instagram, Kevin Systrom.<\/div>\n<div>\u00a0<\/div>\n<div>En aquella ocasi\u00f3n y seg\u00fan una fuente del Vaticano, el Pont\u00edfice y Systrom hablaron sobre el poder de las im\u00e1genes \u201cpara superar las barreras culturales, geogr\u00e1ficas o generacionales\u201d.<\/div>\n<div>El Papa Francisco se ha revelado como un aut\u00e9ntico l\u00edder en las redes sociales, en las que tiene perfil o cuenta personal con millones de seguidores. Es, por tanto, una de las personas que m\u00e1s seguidores virtuales tiene en todo el mundo.<\/div>\n<div>\u00a0<\/div>\n<div>Precisamente, la \u00faltima red social en la que se estren\u00f3 fue en Instagram \u2013se caracteriza por las im\u00e1genes\u2013 el pasado 19 de marzo y donde ya ha alcanzado los 3 millones de seguidores. En el primer post de la cuenta el d\u00eda de su estreno dijo: \u201cRecen por m\u00ed\u201d.<\/div>\n<div>En Twitter tambi\u00e9n se ha convertido en todo un fen\u00f3meno de masas superando ya los 21 millones de seguidores. A trav\u00e9s de esta red social, el Pont\u00edfice se dirige al mundo en espa\u00f1ol, italiano, ingl\u00e9s, alem\u00e1n, polaco, franc\u00e9s, portugu\u00e9s, \u00e1rabe y lat\u00edn, llegando a otros muchos millones de personas.<\/div>\n<div>\u00a0<\/div>\n<div>Fuente: ACI Prensa<\/div>\n<div>\u00a0<\/div>\n<p><a href=\"http:\/\/web.hilo.org.pe\/wp-content\/uploads\/PapaYZuckerbergLOsservatoreACIPrensa.jpg\" target=\"_blank\" rel=\"noopener\">Ver archivo adjunto<\/a><\/p>\n","protected":false},"excerpt":{"rendered":"<p>El Papa Francisco ha recibido esta ma?ana en audiencia privada en el Vaticano a Mark Zuckerberg, fundador y director ejecutivo de Facebook, junto a su mujer, Priscilla Chan.<br \/>\nFacebook es una de las primeras redes sociales que vieron la luz hace a?os y que supuso un antes y un despu?s en la era digital.<\/p>\n","protected":false},"author":1,"featured_media":7855,"comment_status":"closed","ping_status":"closed","sticky":false,"template":"","format":"standard","meta":{"footnotes":""},"categories":[9],"tags":[],"class_list":["post-2916","post","type-post","status-publish","format-standard","has-post-thumbnail","hentry","category-noticias"],"_links":{"self":[{"href":"https:\/\/ceas.org.pe\/index.php\/wp-json\/wp\/v2\/posts\/2916","targetHints":{"allow":["GET"]}}],"collection":[{"href":"https:\/\/ceas.org.pe\/index.php\/wp-json\/wp\/v2\/posts"}],"about":[{"href":"https:\/\/ceas.org.pe\/index.php\/wp-json\/wp\/v2\/types\/post"}],"author":[{"embeddable":true,"href":"https:\/\/ceas.org.pe\/index.php\/wp-json\/wp\/v2\/users\/1"}],"replies":[{"embeddable":true,"href":"https:\/\/ceas.org.pe\/index.php\/wp-json\/wp\/v2\/comments?post=2916"}],"version-history":[{"count":1,"href":"https:\/\/ceas.org.pe\/index.php\/wp-json\/wp\/v2\/posts\/2916\/revisions"}],"predecessor-version":[{"id":6302,"href":"https:\/\/ceas.org.pe\/index.php\/wp-json\/wp\/v2\/posts\/2916\/revisions\/6302"}],"wp:featuredmedia":[{"embeddable":true,"href":"https:\/\/ceas.org.pe\/index.php\/wp-json\/wp\/v2\/media\/7855"}],"wp:attachment":[{"href":"https:\/\/ceas.org.pe\/index.php\/wp-json\/wp\/v2\/media?parent=2916"}],"wp:term":[{"taxonomy":"category","embeddable":true,"href":"https:\/\/ceas.org.pe\/index.php\/wp-json\/wp\/v2\/categories?post=2916"},{"taxonomy":"post_tag","embeddable":true,"href":"https:\/\/ceas.org.pe\/index.php\/wp-json\/wp\/v2\/tags?post=2916"}],"curies":[{"name":"wp","href":"https:\/\/api.w.org\/{rel}","templated":true}]}}