{"id":2915,"date":"2016-08-26T10:50:25","date_gmt":"2016-08-26T10:50:25","guid":{"rendered":""},"modified":"2026-03-11T09:12:01","modified_gmt":"2026-03-11T14:12:01","slug":"papa-francisco-presento-mensaje-para-la-50o-jornada-mundial-de-la-paz-2017","status":"publish","type":"post","link":"https:\/\/ceas.org.pe\/index.php\/2016\/08\/26\/papa-francisco-presento-mensaje-para-la-50o-jornada-mundial-de-la-paz-2017\/","title":{"rendered":"Papa Francisco present\u00f3 mensaje para la 50\u00f3 Jornada Mundial de la Paz 2017"},"content":{"rendered":"<div>El tema del mensaje del papa Francisco para la 50\u00b0 Jornada Mundial de la Paz que se realiza el 1\u00b0 de enero de 2017 ha sido dada a conocer hoy y es: \u00abLa No-Violencia: un estilo de pol\u00edtica para la paz\u00bb, indic\u00f3 la Oficina de prensa de la Santa Sede.<\/div>\n<div>\u00a0<\/div>\n<div>Es la cuarta Jornada Mundial de la Paz, del pontificado de Francisco, la cual ha sido instituida por el Papa Pablo VI y se celebra cada a\u00f1o el primero de enero. El Mensaje del Papa es enviado a las Canciller\u00edas de todo el mundo y se\u00f1ala la l\u00ednea diplom\u00e1tica de la Santa Sede para el a\u00f1o que inicia.<\/div>\n<div>\u00a0<\/div>\n<div>En el mensaje el Santo Padre se\u00f1ala que la violencia y la paz indica dos maneras opuestas de construir la sociedad y que la proliferaci\u00f3n de brotes de violencia da origen a grav\u00edsimas y negativas consecuencias sociales. As\u00ed el Pont\u00edfice explica esta situaci\u00f3n con la expresi\u00f3n de la \u201ctercera guerra mundial por partes\u201d.<\/div>\n<div>\u00a0<\/div>\n<div>Al contrario, la paz tiene consecuencias sociales positivas y permite realizar un verdadero progreso. Por lo tanto, debemos movernos en los espacios de lo que es posible, negociando v\u00edas de paz, incluso ah\u00ed donde los caminos parecen ambiguos e impracticables, indica el mensaje.<\/div>\n<div>\u00a0<\/div>\n<div>De esta manera, la no- violencia podr\u00e1 adquirir un significado m\u00e1s amplio y nuevo: no solo como aspiraci\u00f3n, deseo, rechazo moral de la violencia, de las barreras, de los impulsos destructivos, sino como enfoque pol\u00edtico real\u00edstico, abierto a la esperanza.<\/div>\n<div>\u00a0<\/div>\n<div>Se trata de un m\u00e9todo pol\u00edtico fundado en la primac\u00eda de la ley. Si se salvaguardan los derechos de cada persona y la igual dignidad de cada uno sin discriminaci\u00f3n ni distinci\u00f3n, la no- violencia, entendida como m\u00e9todo pol\u00edtico, puede constituir una v\u00eda realista y llena de esperanza para superar los conflictos armados. En esta perspectiva, es importante que siempre se reconozca la fuerza del derecho, en vez, del derecho de la fuerza.<\/div>\n<div>\u00a0<\/div>\n<div>Con este Mensaje, el Papa Francisco desea indicar un ulterior paso, un camino de esperanza conforme a las presentes circunstancias hist\u00f3ricas: para obtener la resoluci\u00f3n de las controversias a trav\u00e9s de la negociaci\u00f3n, evitando que se degeneren en conflictos armados.<\/div>\n<div>\u00a0<\/div>\n<div>Dentro de esta perspectiva encontramos el respeto por la historia y la identidad de todos los Pueblos, y la idea de la superioridad moral de una parte sobre la otra ser\u00eda derrotada.<\/div>\n<div>Al mismo tiempo, sin embargo, esto no significa que una Naci\u00f3n pueda permanecer indiferente hacia las tragedias de otra. En cambio, significa reconocer el primado de la diplomacia sobre el fragor de las armas.<\/div>\n<div>\u00a0<\/div>\n<div>El comercio mundial de las armas es de tal magnitud que en general es subestimado. El tr\u00e1fico il\u00edcito de las armas con frecuencia sostiene la mayor parte de los conflictos en el mundo. Y la no-violencia como un t\u00e1ctica pol\u00edtica puede hacer mucho para combatir este flagelo.<\/div>\n<div>\u00a0<\/div>\n<div>Fuente: ZENIT<\/div>\n<p><a href=\"http:\/\/web.hilo.org.pe\/wp-content\/uploads\/Mensajepapa.jpg\" target=\"_blank\" rel=\"noopener\">Ver archivo adjunto<\/a><\/p>\n","protected":false},"excerpt":{"rendered":"<p>El tema del mensaje del papa Francisco para la 50? Jornada Mundial de la Paz que se realiza el 1? de enero de 2017 ha sido dada a conocer hoy y es: ?La No-Violencia: un estilo de pol?tica para la paz?, indic? la Oficina de prensa de la Santa Sede.<\/p>\n","protected":false},"author":1,"featured_media":7973,"comment_status":"closed","ping_status":"closed","sticky":false,"template":"","format":"standard","meta":{"footnotes":""},"categories":[9],"tags":[],"class_list":["post-2915","post","type-post","status-publish","format-standard","has-post-thumbnail","hentry","category-noticias"],"_links":{"self":[{"href":"https:\/\/ceas.org.pe\/index.php\/wp-json\/wp\/v2\/posts\/2915","targetHints":{"allow":["GET"]}}],"collection":[{"href":"https:\/\/ceas.org.pe\/index.php\/wp-json\/wp\/v2\/posts"}],"about":[{"href":"https:\/\/ceas.org.pe\/index.php\/wp-json\/wp\/v2\/types\/post"}],"author":[{"embeddable":true,"href":"https:\/\/ceas.org.pe\/index.php\/wp-json\/wp\/v2\/users\/1"}],"replies":[{"embeddable":true,"href":"https:\/\/ceas.org.pe\/index.php\/wp-json\/wp\/v2\/comments?post=2915"}],"version-history":[{"count":1,"href":"https:\/\/ceas.org.pe\/index.php\/wp-json\/wp\/v2\/posts\/2915\/revisions"}],"predecessor-version":[{"id":6303,"href":"https:\/\/ceas.org.pe\/index.php\/wp-json\/wp\/v2\/posts\/2915\/revisions\/6303"}],"wp:featuredmedia":[{"embeddable":true,"href":"https:\/\/ceas.org.pe\/index.php\/wp-json\/wp\/v2\/media\/7973"}],"wp:attachment":[{"href":"https:\/\/ceas.org.pe\/index.php\/wp-json\/wp\/v2\/media?parent=2915"}],"wp:term":[{"taxonomy":"category","embeddable":true,"href":"https:\/\/ceas.org.pe\/index.php\/wp-json\/wp\/v2\/categories?post=2915"},{"taxonomy":"post_tag","embeddable":true,"href":"https:\/\/ceas.org.pe\/index.php\/wp-json\/wp\/v2\/tags?post=2915"}],"curies":[{"name":"wp","href":"https:\/\/api.w.org\/{rel}","templated":true}]}}