{"id":2914,"date":"2016-08-26T10:43:38","date_gmt":"2016-08-26T10:43:38","guid":{"rendered":""},"modified":"2026-03-11T09:12:01","modified_gmt":"2026-03-11T14:12:01","slug":"celebraron-aoo-jubilar-por-400-aoos-del-fallecimiento-de-santa-rosa-de-lima","status":"publish","type":"post","link":"https:\/\/ceas.org.pe\/index.php\/2016\/08\/26\/celebraron-aoo-jubilar-por-400-aoos-del-fallecimiento-de-santa-rosa-de-lima\/","title":{"rendered":"Celebrar\u00f3n A\u00f3o Jubilar por 400 a\u00f3os del fallecimiento de Santa Rosa de Lima"},"content":{"rendered":"<p>El Arzobispado de Lima y la Comunidad Dominica en Per\u00fa anunciaron hoy las actividades por el inicio de a\u00f1o jubilar en honor a los 400 a\u00f1os del fallecimiento de la Santa Rosa de Lima, Patrona del Per\u00fa, Am\u00e9rica y las Filipinas.<\/p>\n<div>\u00a0<\/div>\n<div>En conferencia de prensa informaron que el lema del jubileo ser\u00e1 \u201c400 a\u00f1os intercediendo por ti\u201d, haciendo referencia a los miles de peticiones que han sido llevadas a la primera Santa de Am\u00e9rica a lo largo de los a\u00f1os. Durante la conferencia tambi\u00e9n se present\u00f3 de manera oficial el spot de esta celebraci\u00f3n.<\/div>\n<div>\u00a0<\/div>\n<div>La inauguraci\u00f3n de las actividades se realizar\u00e1 el lunes 29 de agosto a las 05:00 p.m. con la procesi\u00f3n de las reliquias de la Santa desde la Bas\u00edlica del Sant\u00edsimo Rosario del Convento de Santo Domingo hacia la Catedral de Lima, donde adem\u00e1s se celebrar\u00e1n las v\u00edsperas solemnes y una Misa a las 06:30 pm.<\/div>\n<div>\u00a0<\/div>\n<div>Al d\u00eda siguiente, el 30 de agosto a las 10:00 am se celebrar\u00e1 la gran Misa de acci\u00f3n de gracias en la Plaza Mayor de Lima que ser\u00e1 presidida por el Arzobispo de Lima y Primado del Per\u00fa, Cardenal Juan Luis Cipriani.<\/div>\n<div>\u00a0<\/div>\n<div>\u00a0<\/div>\n<div>El evento contar\u00e1 con la asistencia de las principales autoridades del pa\u00eds; el P. Bruno Cador\u00e9, sucesor 86 de Santo Domingo de Guzm\u00e1n como Maestro de la Orden de Predicadores; los miembros de la Polic\u00eda Nacional del Per\u00fa; y varias parroquias.<\/div>\n<div>\u00a0<\/div>\n<div>Asimismo la procesi\u00f3n contar\u00e1 con tres andas, una para Santa Rosa de Lima, otra para el \u201cDoctorcito\u201d Ni\u00f1o Jes\u00fas, y la \u00faltima para las reliquias. Asimismo, las andas ser\u00e1n trasladadas al Santuario de Santa Rosa de Lima, la iglesia San Sebasti\u00e1n y el Santuario Las Nazarenas.<\/div>\n<div>\u00a0<\/div>\n<div>Por otra parte, a partir del 26 de agosto se han programado visitas nocturnas en el Museo del Convento de Santo Domingo, donde se encuentra la cripta que inicialmente sirvi\u00f3 de sepulcro de Santa Rosa de Lima. Esta cripta fue reabierta al p\u00fablico para su veneraci\u00f3n. La visita contar\u00e1 con fotos nunca in\u00e9ditas de la querida santa.<\/div>\n<div>\u00a0<\/div>\n<div><strong>El A\u00f1o Jubilar<\/strong><\/div>\n<div>\u00a0<\/div>\n<div>\u201cDurante el a\u00f1o jubilar tambi\u00e9n habr\u00e1 puertas santas, indulgencias, una exposici\u00f3n filat\u00e9lica, conciertos de m\u00fasica barroca y tambi\u00e9n se organizar\u00e1 el recorrido de Santa Rosa, donde se conocer\u00e1n los lugares de Lima que ella recorri\u00f3\u201d, explic\u00f3 en di\u00e1logo con ACI Prensa el P. Luis Ram\u00edrez, director del Museo de Santo Domingo en Lima.<\/div>\n<div>\u00a0<\/div>\n<div>Sobre la vida de la Santa, el sacerdote cont\u00f3 que \u201csu mensaje y sus obras nos hablan de una atemporalidad tan especial que incluso puede ser aplicada en nuestra \u00e9poca. Santa Rosa era una laica dominica, no viv\u00eda en un convento y ten\u00eda que trabajar para sobrevivir\u201d.<\/div>\n<div>\u00a0<\/div>\n<div>Santa Rosa de Lima, dijo, \u201cfue una mujer sencilla y no perdi\u00f3 la invitaci\u00f3n a la santidad que la Iglesia nos hace constantemente\u201d.<\/div>\n<div>\u00a0<\/div>\n<div>\u201cEsta es una invitaci\u00f3n para cada una de las personas que no optaron por una vida religiosa, sino por una vida laical comprometida, sin importar cu\u00e1l sea el carisma. Santa Rosa es un ejemplo y termina ret\u00e1ndonos a conciliar y llevar una vida en Dios\u201d, agreg\u00f3.<\/div>\n<div>\u00a0<\/div>\n<div>Santa Rosa de Lima, adem\u00e1s, es la primera santa que cuenta con un buz\u00f3n virtual que est\u00e1 disponible todo el a\u00f1o santarosa.correo@gmail.com, un sitio web especial, Facebook, Twitter, YouTube e Instagram, donde se recibir\u00e1n peticiones desde distintas partes del mundo para ser enviadas al pozo de Santa Rosa.<\/div>\n<div>\u00a0<\/div>\n<div>Los fieles tambi\u00e9n podr\u00e1n participar, contar sus milagros o mandarle un saludo a la Santa a trav\u00e9s de los hashtag #SantaRosa400 #SantaRosita.<\/div>\n<div>\u00a0<\/div>\n<div>En la conferencia de prensa estuvieron presentes Mons. Ra\u00fal Chau, Obispo Auxiliar de Lima; P. Luis Enrique Ram\u00edrez, director del Convento de Santo Domingo; el Sr. Abdul Miranda, Gerente de Seguridad Ciudadana de la Municipalidad de Lima; y el General de la Polic\u00eda Nacional del Per\u00fa, Javier \u00c1valos, Director de Seguridad Vial y Tr\u00e1nsito de la Polic\u00eda Nacional.<\/div>\n<div>\u00a0<\/div>\n<div>Fuente: aciprensa.com<\/div>\n<p><a href=\"http:\/\/web.hilo.org.pe\/wp-content\/uploads\/Santa Rosa2.jpg\" target=\"_blank\" rel=\"noopener\">Ver archivo adjunto<\/a><\/p>\n","protected":false},"excerpt":{"rendered":"<p>El Arzobispado de Lima y la Comunidad Dominica en Per? anunciaron hoy las actividades por el inicio de a?o jubilar en honor a los 400 a?os del fallecimiento de la Santa Rosa de Lima, Patrona del Per?, Am?rica y las Filipinas.<\/p>\n","protected":false},"author":1,"featured_media":0,"comment_status":"closed","ping_status":"closed","sticky":false,"template":"","format":"standard","meta":{"footnotes":""},"categories":[9],"tags":[],"class_list":["post-2914","post","type-post","status-publish","format-standard","hentry","category-noticias"],"_links":{"self":[{"href":"https:\/\/ceas.org.pe\/index.php\/wp-json\/wp\/v2\/posts\/2914","targetHints":{"allow":["GET"]}}],"collection":[{"href":"https:\/\/ceas.org.pe\/index.php\/wp-json\/wp\/v2\/posts"}],"about":[{"href":"https:\/\/ceas.org.pe\/index.php\/wp-json\/wp\/v2\/types\/post"}],"author":[{"embeddable":true,"href":"https:\/\/ceas.org.pe\/index.php\/wp-json\/wp\/v2\/users\/1"}],"replies":[{"embeddable":true,"href":"https:\/\/ceas.org.pe\/index.php\/wp-json\/wp\/v2\/comments?post=2914"}],"version-history":[{"count":1,"href":"https:\/\/ceas.org.pe\/index.php\/wp-json\/wp\/v2\/posts\/2914\/revisions"}],"predecessor-version":[{"id":6304,"href":"https:\/\/ceas.org.pe\/index.php\/wp-json\/wp\/v2\/posts\/2914\/revisions\/6304"}],"wp:attachment":[{"href":"https:\/\/ceas.org.pe\/index.php\/wp-json\/wp\/v2\/media?parent=2914"}],"wp:term":[{"taxonomy":"category","embeddable":true,"href":"https:\/\/ceas.org.pe\/index.php\/wp-json\/wp\/v2\/categories?post=2914"},{"taxonomy":"post_tag","embeddable":true,"href":"https:\/\/ceas.org.pe\/index.php\/wp-json\/wp\/v2\/tags?post=2914"}],"curies":[{"name":"wp","href":"https:\/\/api.w.org\/{rel}","templated":true}]}}