{"id":2913,"date":"2016-08-25T17:42:28","date_gmt":"2016-08-25T17:42:28","guid":{"rendered":""},"modified":"2026-03-11T09:12:01","modified_gmt":"2026-03-11T14:12:01","slug":"celam-ante-las-nuevas-circunstancias-de-amorica-latina-y-el-caribe","status":"publish","type":"post","link":"https:\/\/ceas.org.pe\/index.php\/2016\/08\/25\/celam-ante-las-nuevas-circunstancias-de-amorica-latina-y-el-caribe\/","title":{"rendered":"CELAM ante las nuevas circunstancias de Am\u00f3rica Latina y el Caribe"},"content":{"rendered":"<p>La sesi\u00f3n inaugural de la Reuni\u00f3n General de Coordinaci\u00f3n del Consejo Episcopal Latinoamericano (CELAM), en la primera parte de la ma\u00f1ana del mi\u00e9rcoles 24 de agosto, estuvo precedida por un momento orante inspirado en el texto del evangelio de Marcos (6, 30-34) en el cual los disc\u00edpulos se reunieron con Jes\u00fas y \u201cle contaron todo lo que hab\u00edan hecho y ense\u00f1ado\u201d (6,30). El presb\u00edtero Leonidas Ortiz, Secretario Adjunto del CELAM, quien anim\u00f3 la oraci\u00f3n, destac\u00f3 la bondad y la misericordia con la que el Maestro acoge a los disc\u00edpulos y, del mismo modo, \u201cobservando las necesidades del pueblo, siente compasi\u00f3n de la muchedumbre porque estaban como ovejas sin pastor, y por fin hab\u00edan encontrado al Buen Pastor\u201d.<\/p>\n<div>\u00a0<\/div>\n<div>A continuaci\u00f3n y al tenor de este mensaje evang\u00e9lico, el cardenal Rub\u00e9n Salazar G\u00f3mez, Presidente del CELAM, tom\u00f3 la palabra para agradecer la presencia de cada uno de los participantes \u2013provenientes de 22 pa\u00edses de Am\u00e9rica Latina y el Caribe\u2013 a la reuni\u00f3n anual que convoca a los equipos de fe, de vida y de trabajo del CELAM, y que constituye la segunda de este g\u00e9nero en el actual cuatrienio 2015-2019, destinada a la evaluaci\u00f3n y a la proyecci\u00f3n de su servicio pastoral.<\/div>\n<div>\u00a0<\/div>\n<div>De igual forma, el cardenal Salazar G\u00f3mez present\u00f3 un informe general de los acontecimiento que han marcado los itinerarios del CELAM durante el \u00faltimo a\u00f1o, destacando, en primer lugar, la beatificaci\u00f3n de monse\u00f1or Oscar Arnulfo Romero, el 23 de mayo de 2015 y su particular cercan\u00eda con el CELAM. \u201cMonse\u00f1or Romero fue un pastor que acompa\u00f1\u00f3 a su pueblo en sus alegr\u00edas y en los dolores de su itinerario martirial\u201d. En segundo lugar, a partir de la visita del Santo Padre Francisco a Ecuador, Bolivia, Paraguay y Cuba en 2015, y a M\u00e9xico en 2016, se\u00f1al\u00f3 que \u201cel papa Francisco quer\u00eda confirmar con estos viajes su deseo de manifestar con gestos concretos su cercan\u00eda y solidaridad con los pueblos latinoamericanos\u201d.<\/div>\n<div>\u00a0<\/div>\n<div>Adem\u00e1s de estos acontecimientos significativos en los albores del cuatrienio 2015-2019, el Presidente del CELAM se refiri\u00f3 a los encuentro de la Presidencia con el papa Francisco, en dos oportunidades (el 30 de octubre de 2015 y el 19 de mayo de 2016), en los cuales se abordaron diversos temas referidos al Plan Global y a las realidades de los pa\u00edses del continente. El papa Francisco, por su parte, y con motivo de los 60 a\u00f1os del CELAM, ha reiterado su deseo de que se priorice la conversi\u00f3n pastoral y misionera, de modo que \u201cnuestras comunidades sean \u2018casa y escuela de comuni\u00f3n\u2019 que atraigan por una sorprendente fraternidad fundada en el reconocimiento del Padre com\u00fan, y ayuden a mantener siempre vida en la Iglesia en Am\u00e9rica Latina la pasi\u00f3n por nuestros pueblos, la asunci\u00f3n de sus sufrimientos y la capacidad de discernimiento cristiano de las vicisitudes de su historia presente, para abrir caminos de mayor equidad, paz y justicia\u201d. Particularmente, el cardenal Salazar G\u00f3mez destaca que \u201cel Papa se entusiasma cuando comienza a hablar de la Patria Grande que es Am\u00e9rica Latina y de los esfuerzos que no deben cesar para lograr la integraci\u00f3n de nuestros pueblos\u201d.<\/div>\n<div>\u00a0<\/div>\n<div>La visita de la Presidencia del CELAM a los dicasterios de la Santa Sede, la reuni\u00f3n de los obispos de la Iglesia en Am\u00e9rica \u2013realizada en Tampa, Florida, del 22 al 25 de febrero de 2016\u2013 y la reuni\u00f3n de directivos y secretarios generales de las conferencias episcopales \u2013en Bogot\u00e1, del 8 al 10 de marzo de 2016\u2013 fueron algunos de los asuntos profundizados por el Presidente del CELAM, en su presentaci\u00f3n, recordando tambi\u00e9n los pasos que se han dado en la consolidaci\u00f3n del Centro B\u00edblico Teol\u00f3gico Pastoral para Am\u00e9rica Latina (CEBITEPAL), \u201ccomo un \u00fanico centro de formaci\u00f3n del CELAM, con la integraci\u00f3n de las tres escuelas y la Editorial del CELAM, con miras a un trabajo m\u00e1s org\u00e1nico, racional y efectivo que favorezca la formaci\u00f3n integral de los agentes de pastoral de Am\u00e9rica Latina y El Caribe\u201d.\u201cEl CEBITEPAL funciona actualmente con tres escuelas: Escuela Teol\u00f3gica, Escuela B\u00edblica y Escuela Social. Esta \u00faltima tiene dos campos de trabajo: el Observatorio Pastoral y la formaci\u00f3n en Doctrina Social de la Iglesia. El 14 de marzo de este a\u00f1o se hizo el lanzamiento formal de la Escuela Social\u201d.<\/div>\n<div>\u00a0<\/div>\n<div>Por \u00faltimo, al referirse a la Jornada Mundial de la Juventud (JMJ) en Polonia, el cardenal Salazar G\u00f3mez coment\u00f3 que \u201cel Papa dec\u00eda que la JMJ debe continuar en la vida cotidiana, en la casa, el trabajo, el colegio y la universidad, y resumi\u00f3 en cuatro palabras el legado de esta Jornada: memoria, coraje, futuro y esperanza\u201d. La pr\u00f3xima JMJ se celebrar\u00e1 en Panam\u00e1, en 2019, \u201cpara alegr\u00eda de todos los latinoamericanos y caribe\u00f1os\u201d.<\/div>\n<div>\u00a0<\/div>\n<div>\u201cValorando todo el trabajo pastoral que el CELAM, a trav\u00e9s de sus Departamentos y de sus Centros de Formaci\u00f3n, ha realizado a lo largo de estos 60 a\u00f1os de su existencia, ante las nuevas circunstancias nos surge el cuestionamiento sobre cu\u00e1l debe ser hoy la misi\u00f3n del CELAM en relaci\u00f3n a su servicio a las Conferencias Episcopales y a todo el pueblo de Dios que peregrina en Am\u00e9rica Latina y El Caribe\u201d, concluy\u00f3 el Presidente del CELAM.<\/div>\n<div>\u00a0<\/div>\n<div>Adem\u00e1s de esta desafiante interpelaci\u00f3n, monse\u00f1or Juan Espinoza, Secretario General del CELAM, \u00a0present\u00f3 los objetivos de la reuni\u00f3n, referidos a la evaluaci\u00f3n del servicio pastoral de los Departamentos del CELAM y del CEBITEPAL, a la profundizaci\u00f3n de dos de los ejes tem\u00e1ticos del Plan Global (\u201cIglesia misionera en salida\u201d y \u201cpobre para los pobres\u201d), y a la proyecci\u00f3n de las acciones pastorales \u2013a la luz de la Palabra y del Magisterio del papa Francisco y teniendo en cuenta las necesidades sentidas y reales de las Conferencias Episcopales\u2013 sin dejar de lado el compartir de la vida y la oraci\u00f3n.<\/div>\n<div>\u00a0<\/div>\n<div>Metodol\u00f3gicamente, la reuni\u00f3n sigue el ritmo del ver-juzgar-actuar, con la revisi\u00f3n de programas, las iluminaciones y los paneles, y la programaci\u00f3n de las acciones que se desarrollar\u00e1n el pr\u00f3ximo a\u00f1o, en consonancia con el itinerario previsto para el cuatrienio: 2016: Iglesia en salida; 2017: Pobre para los pobres; 2018: Conversi\u00f3n pastoral; y 2019: Di\u00e1logo con el mundo. \u201cEstos cuatro acentos debemos asumirlos, sin embargo, de modo integral\u201d, subray\u00f3 monse\u00f1or Espinoza.<\/div>\n<div>\u00a0<\/div>\n<div>A partir de estos planteamientos, la \u00faltima parte de la ma\u00f1ana se destin\u00f3 a la revisi\u00f3n de los programas que lideran cada uno de los Departamentos y el CEBITEPAL, conforme al Plan Global y al Informe de gesti\u00f3n 2015-2016.<\/div>\n<div>\u00a0<\/div>\n<div>Fuente: CELAM<\/div>\n<p><a href=\"http:\/\/web.hilo.org.pe\/wp-content\/uploads\/MisionCELAM.jpg\" target=\"_blank\" rel=\"noopener\">Ver archivo adjunto<\/a><\/p>\n","protected":false},"excerpt":{"rendered":"<p>La sesi?n inaugural de la Reuni?n General de Coordinaci?n del Consejo Episcopal Latinoamericano (CELAM), en la primera parte de la ma?ana del mi?rcoles 24 de agosto, estuvo precedida por un momento orante inspirado en el texto del evangelio de Marcos (6, 30-34) en el cual los disc?pulos se reunieron con Jes?s y ?le contaron todo lo que hab?an hecho y ense?ado? (6,30).<\/p>\n","protected":false},"author":1,"featured_media":7872,"comment_status":"closed","ping_status":"closed","sticky":false,"template":"","format":"standard","meta":{"footnotes":""},"categories":[9],"tags":[],"class_list":["post-2913","post","type-post","status-publish","format-standard","has-post-thumbnail","hentry","category-noticias"],"_links":{"self":[{"href":"https:\/\/ceas.org.pe\/index.php\/wp-json\/wp\/v2\/posts\/2913","targetHints":{"allow":["GET"]}}],"collection":[{"href":"https:\/\/ceas.org.pe\/index.php\/wp-json\/wp\/v2\/posts"}],"about":[{"href":"https:\/\/ceas.org.pe\/index.php\/wp-json\/wp\/v2\/types\/post"}],"author":[{"embeddable":true,"href":"https:\/\/ceas.org.pe\/index.php\/wp-json\/wp\/v2\/users\/1"}],"replies":[{"embeddable":true,"href":"https:\/\/ceas.org.pe\/index.php\/wp-json\/wp\/v2\/comments?post=2913"}],"version-history":[{"count":1,"href":"https:\/\/ceas.org.pe\/index.php\/wp-json\/wp\/v2\/posts\/2913\/revisions"}],"predecessor-version":[{"id":6305,"href":"https:\/\/ceas.org.pe\/index.php\/wp-json\/wp\/v2\/posts\/2913\/revisions\/6305"}],"wp:featuredmedia":[{"embeddable":true,"href":"https:\/\/ceas.org.pe\/index.php\/wp-json\/wp\/v2\/media\/7872"}],"wp:attachment":[{"href":"https:\/\/ceas.org.pe\/index.php\/wp-json\/wp\/v2\/media?parent=2913"}],"wp:term":[{"taxonomy":"category","embeddable":true,"href":"https:\/\/ceas.org.pe\/index.php\/wp-json\/wp\/v2\/categories?post=2913"},{"taxonomy":"post_tag","embeddable":true,"href":"https:\/\/ceas.org.pe\/index.php\/wp-json\/wp\/v2\/tags?post=2913"}],"curies":[{"name":"wp","href":"https:\/\/api.w.org\/{rel}","templated":true}]}}