{"id":2911,"date":"2016-08-24T15:34:57","date_gmt":"2016-08-24T15:34:57","guid":{"rendered":""},"modified":"2026-03-11T09:12:01","modified_gmt":"2026-03-11T14:12:01","slug":"obispos-defienden-la-amazonoa","status":"publish","type":"post","link":"https:\/\/ceas.org.pe\/index.php\/2016\/08\/24\/obispos-defienden-la-amazonoa\/","title":{"rendered":"Obispos defienden la Amazon\u00f3a"},"content":{"rendered":"<h1 style=\"margin-top:0cm;margin-right:0cm;margin-bottom:7.5pt;margin-left:\n0cm;line-height:37.8pt;vertical-align:baseline\"><span lang=\"ES\" style=\"font-size: 11pt; font-family: Calibri, sans-serif; font-weight: normal;\">Obispos defienden la Amazon\u00eda<o:p><\/o:p><\/span><\/h1>\n<p style=\"margin-top:0cm;margin-right:0cm;margin-bottom:11.25pt;margin-left:\n0cm;line-height:17.25pt;vertical-align:baseline\"><span lang=\"ES\" style=\"font-size: 11pt; font-family: Calibri, sans-serif;\">Un llamado a los gobiernos, las empresas y la comunidad para impedir que la Amazon\u00eda, considerada uno de los principales pulmones del planeta, continu\u00e9 siendo contaminada y depredada, en perjuicio del planeta y de los pueblos originarios, hicieron en Lima religiosos y especialistas en temas de ambiente.<o:p><\/o:p><\/span><\/p>\n<p style=\"margin-top:0cm;margin-right:0cm;margin-bottom:11.25pt;margin-left:\n0cm;line-height:17.25pt;vertical-align:baseline\"><span lang=\"ES\" style=\"font-size: 11pt; font-family: Calibri, sans-serif;\">Fue durante el Foro \u201cLa Panamazon\u00eda: Retos y Desaf\u00edos, una mirada desde la Laudato Si\u201d, en el auditorio de la Universidad Antonio Ruiz de Montoya, donde monse\u00f1or Pedro Barreto, arzobispo de Huancayo, como los dem\u00e1s disertantes, hicieron una cerrada defensa de la naturaleza.<o:p><\/o:p><\/span><\/p>\n<p style=\"margin-top:0cm;margin-right:0cm;margin-bottom:11.25pt;margin-left:\n0cm;line-height:17.25pt;vertical-align:baseline\"><span lang=\"ES\" style=\"font-size: 11pt; font-family: Calibri, sans-serif;\">Invocaron para ello la \u00faltima Enc\u00edclica del Papa Francisco \u201cLaudato Si\u201d (alabado seas) contra la destrucci\u00f3n del planeta, al que denomina \u201cnuestra casa com\u00fan\u201d y que pide actuar de manera solidaria y responsable.<o:p><\/o:p><\/span><\/p>\n<p style=\"margin-top:0cm;margin-right:0cm;margin-bottom:11.25pt;margin-left:\n0cm;line-height:17.25pt;vertical-align:baseline\"><span lang=\"ES\" style=\"font-size: 11pt; font-family: Calibri, sans-serif;\">\u201cTodo conflicto nos presenta un dilema \u00e9tico constante \u00bfdebo denunciar un robo que, ante mi presencia, ha realizado un amigo? O \u00bfdebo callar ante una empresa minera que con la actitud permisiva del Estado, se aprovecha de la explotaci\u00f3n de los recursos naturales afectando la salud de las personas, contaminando el aire, el suelo y el agua, impidiendo as\u00ed una sana producci\u00f3n agr\u00edcola y agropecuaria?\u201d se pregunt\u00f3 Barreto.<o:p><\/o:p><\/span><\/p>\n<p style=\"margin-top:0cm;margin-right:0cm;margin-bottom:11.25pt;margin-left:\n0cm;line-height:17.25pt;vertical-align:baseline\"><span lang=\"ES\" style=\"font-size: 11pt; font-family: Calibri, sans-serif;\">El sacerdote dijo que desde la fe, la persona y la naturaleza han sido creadas por Dios para que vivan en armon\u00eda y que cuando se rompe esa interrelaci\u00f3n se crea el conflicto y en consecuencia se afecta a las personas y a su entorno natural.<o:p><\/o:p><\/span><\/p>\n<p style=\"margin-top:0cm;margin-right:0cm;margin-bottom:11.25pt;margin-left:\n0cm;line-height:17.25pt;vertical-align:baseline\"><span lang=\"ES\" style=\"font-size: 11pt; font-family: Calibri, sans-serif;\">A\u00f1adi\u00f3 que actualmente se habla de ecocidio, t\u00e9rmino que proviene del lat\u00edn oikos (casa) y occidere (matar, destruir, aniquilar).<o:p><\/o:p><\/span><\/p>\n<p style=\"margin:0cm;margin-bottom:.0001pt;line-height:17.25pt;vertical-align:\nbaseline\"><strong><span lang=\"ES\" style=\"font-size: 11pt; font-family: Calibri, sans-serif; border: 1pt none windowtext; padding: 0cm;\">\u201cSOLEMNE OBLIGACI\u00d3N\u201d<\/span><\/strong><span lang=\"ES\" style=\"font-size: 11pt; font-family: Calibri, sans-serif;\"><br \/>\n\u201c<\/span><span lang=\"ES\" style=\"font-size: 11pt; font-family: Calibri, sans-serif;\">\u00bfC\u00f3mo es posible que el hombre y la humanidad puedan destruir y aniquilar su propia casa? Si consideramos el homicidio o feminicidio un acto criminal, el <b>ecocidio<\/b> es tambi\u00e9n un acto criminal contra nuestra \u201ccasa com\u00fan\u201d. Por tanto es un <b>delito socio-ambiental <\/b>que no debi\u00f3 quedar impune. Y si lo ha sido es por la presencia destructiva de la corrupci\u00f3n.<\/span><span lang=\"ES\" style=\"font-size: 11pt; font-family: Calibri, sans-serif;\">\u201d, dijo.<o:p><\/o:p><\/span><\/p>\n<p style=\"margin-top:0cm;margin-right:0cm;margin-bottom:11.25pt;margin-left:\n0cm;line-height:17.25pt;vertical-align:baseline\"><span lang=\"ES\" style=\"font-size: 11pt; font-family: Calibri, sans-serif;\">Precis\u00f3 que esta realidad puede y debe revertirse porque la Enc\u00edclica papal nos impulsa a movilizar nuestros mejores esfuerzos para recuperar nuestra madre tierra y hacerla acogedora.<o:p><\/o:p><\/span><\/p>\n<p style=\"margin-top:0cm;margin-right:0cm;margin-bottom:11.25pt;margin-left:\n0cm;line-height:17.25pt;vertical-align:baseline\"><span lang=\"ES\" style=\"font-size: 11pt; font-family: Calibri, sans-serif;\">Record\u00f3 que las Naciones Unidas a partir de la d\u00e9cada de los sesenta y en diversas declaraciones expres\u00f3 la necesidad de la cooperaci\u00f3n internacional para que el progreso cient\u00edfico, tecnol\u00f3gico, no destruya la armon\u00eda con la naturaleza, como en la Declaraci\u00f3n sobre el Medio Ambiente llamada la Carta Ecol\u00f3gica de las Naciones Unidas (Estocolmo 1972) que afirma que el hombre \u201ctiene la solemne obligaci\u00f3n de proteger y mejorar el medio ambiente para las generaciones presentes y futuras\u201d.<o:p><\/o:p><\/span><\/p>\n<p style=\"margin-top:0cm;margin-right:0cm;margin-bottom:11.25pt;margin-left:\n0cm;line-height:17.25pt;vertical-align:baseline\"><span lang=\"ES\" style=\"font-size: 11pt; font-family: Calibri, sans-serif;\">Seguidamente Barreto explic\u00f3 que las principales religiones como el Islam, el Juda\u00edsmo y el Cristianismo tienen un c\u00f3digo y una exigencia \u00e9tica com\u00fan como amar a Dios y al pr\u00f3jimo (Evangelio cristiano), gastar la riqueza en la familia, hu\u00e9rfanos, itinerantes, pobres y necesitados (Coran) y \u201cla vida es sagrada, representa el valor supremo del que dependen todas las dem\u00e1s valoraciones\u201d (juda\u00edsmo). Igualmente se remonto al humanismo de Confucio y a la \u00e9tica de Siddarharta Gautama fundador del budismo.<o:p><\/o:p><\/span><\/p>\n<p style=\"margin-top:0cm;margin-right:0cm;margin-bottom:11.25pt;margin-left:\n0cm;line-height:17.25pt;vertical-align:baseline\"><span lang=\"ES\" style=\"font-size: 11pt; font-family: Calibri, sans-serif;\">Puntualiz\u00f3 que la Amazon\u00eda es un territorio geogr\u00e1fico de 7.8 millones 500 mil kil\u00f3metros cuadrados y que se trata del sistema vivo m\u00e1s grande del planeta que funciona como un estabilizador clim\u00e1tico regional y global manteniendo el aire h\u00famedo.<o:p><\/o:p><\/span><\/p>\n<p style=\"margin:0cm;margin-bottom:.0001pt;line-height:17.25pt;vertical-align:\nbaseline\"><strong><span lang=\"ES\" style=\"font-size: 11pt; font-family: Calibri, sans-serif; border: 1pt none windowtext; padding: 0cm;\">34 MILLONES DE PERSONAS<\/span><\/strong><span lang=\"ES\" style=\"font-size: 11pt; font-family: Calibri, sans-serif;\"><br \/>\n\u201cLa Amazon\u00eda produce una tercera parte de las lluvias que alimentan la tierra y el veinte por ciento del ox\u00edgeno del mundo pero lo m\u00e1s importante son los 34 millones de personas que viven en ella, de las cuales casi tres millones pertenecen a 390 etnias ind\u00edgenas con su cultura ecol\u00f3gica ancestral que nos ense\u00f1a a vivir en armon\u00eda entre ellos y la naturaleza\u201d, acot\u00f3 el obispo.<o:p><\/o:p><\/span><\/p>\n<p style=\"margin-top:0cm;margin-right:0cm;margin-bottom:11.25pt;margin-left:\n0cm;line-height:17.25pt;vertical-align:baseline\"><span lang=\"ES\" style=\"font-size: 11pt; font-family: Calibri, sans-serif;\">Dijo que la Iglesia Cat\u00f3lica ha creado la Red Eclesial Pan Amaz\u00f3nica (REPAM) cuyo objetivo es cuidar toda la belleza de la creaci\u00f3n de Dios como son las personas y el medio ambiente.<o:p><\/o:p><\/span><\/p>\n<p style=\"margin-top:0cm;margin-right:0cm;margin-bottom:11.25pt;margin-left:\n0cm;line-height:17.25pt;vertical-align:baseline\"><span lang=\"ES\" style=\"font-size: 11pt; font-family: Calibri, sans-serif;\">\u201cQueremos vivir una cultura del encuentro con los pueblos ind\u00edgenas amenazados en su identidad y hasta en su misma existencia, con las comunidades de fe y con las instituciones p\u00fablicas y privadas para cuidar uno de los pulmones del mundo.\u201d<o:p><\/o:p><\/span><\/p>\n<p style=\"margin:0cm;margin-bottom:.0001pt;line-height:17.25pt;vertical-align:\nbaseline\"><strong><span lang=\"ES\" style=\"font-size: 11pt; font-family: Calibri, sans-serif; border: 1pt none windowtext; padding: 0cm;\">SISTEMA DOMINANTE FRACASADO<\/span><\/strong><span lang=\"ES\" style=\"font-size: 11pt; font-family: Calibri, sans-serif;\"><br \/>\nBarreto manifest\u00f3 que el sistema econ\u00f3mico tecnocr\u00e1tico dominante es un fracaso y se encuentra en bancarrota total. \u201cPara el Papa Francisco es un sistema idol\u00e1trico que antepone el dinero a la necesidad humana, por eso ha afirmado con claridad que \u2018el dinero no debe dominar a la persona\u2019. El consumismo masivo genera una cultura de descarte donde la exclusi\u00f3n es cada vez m\u00e1s evidente con secuelas de destrucci\u00f3n, violencia y muerte\u201d.<o:p><\/o:p><\/span><\/p>\n<p style=\"margin-top:0cm;margin-right:0cm;margin-bottom:11.25pt;margin-left:\n0cm;line-height:17.25pt;vertical-align:baseline\"><span lang=\"ES\" style=\"font-size: 11pt; font-family: Calibri, sans-serif;\">Seg\u00fan el religioso, el Papa reconoce sin embargo un elemento de esperanza en la problem\u00e1tica socio ambiental que vivimos al decir \u201cse advierte una creciente sensibilidad con respecto al ambiente y al cuidado de la naturaleza y crece una sincera y dolorosa preocupaci\u00f3n por lo que est\u00e1 ocurriendo con nuestro planeta.<o:p><\/o:p><\/span><\/p>\n<p style=\"margin-top:0cm;margin-right:0cm;margin-bottom:11.25pt;margin-left:\n0cm;line-height:17.25pt;vertical-align:baseline\"><span lang=\"ES\" style=\"font-size: 11pt; font-family: Calibri, sans-serif;\">Surgen en diversas partes del mundo peque\u00f1as y significativas experiencias que est\u00e1n generando una mayor conciencia de actuar responsablemente por el cuidado de nuestra casa com\u00fan\u201d.<o:p><\/o:p><\/span><\/p>\n<p style=\"margin:0cm;margin-bottom:.0001pt;line-height:17.25pt;vertical-align:\nbaseline\"><strong><span lang=\"ES\" style=\"font-size: 11pt; font-family: Calibri, sans-serif; border: 1pt none windowtext; padding: 0cm;\">MONSE\u00d1OR VIZCARRA<\/span><\/strong><span lang=\"ES\" style=\"font-size: 11pt; font-family: Calibri, sans-serif;\"><br \/>\nTambi\u00e9n Alfredo Vizcarra, obispo del Vicariato de Ja\u00e9n a\u00f1adi\u00f3 que se han perdido 140 millones de hect\u00e1reas de bosques poniendo en riesgo el agua del planeta sin tener en cuenta que, adem\u00e1s, la Amazon\u00eda captura toneladas de di\u00f3xido de carbono y las regula, disminuye los efectos nocivos del gas invernadero y pese a ello est\u00e1 amenazada por el extractivismo.<o:p><\/o:p><\/span><\/p>\n<p style=\"margin-top:0cm;margin-right:0cm;margin-bottom:11.25pt;margin-left:\n0cm;line-height:17.25pt;vertical-align:baseline\"><span lang=\"ES\" style=\"font-size: 11pt; font-family: Calibri, sans-serif;\">\u201cLos pueblos ind\u00edgenas que viven en estos territorios no tienen acceso al agua, salud, educaci\u00f3n y tienen que luchar por su h\u00e1bitat y para impedir que malogren su modo de vida, de lo que no somos conscientes. El Papa ha dicho que con el actual sistema de vida los recursos se agotan y que tiene que haber un cambio\u201d, se\u00f1al\u00f3 monse\u00f1or Vizcarra.<o:p><\/o:p><\/span><\/p>\n<p style=\"margin:0cm;margin-bottom:.0001pt;line-height:17.25pt;vertical-align:\nbaseline\"><strong><span lang=\"ES\" style=\"font-size: 11pt; font-family: Calibri, sans-serif; border: 1pt none windowtext; padding: 0cm;\">ADEM\u00c1S<\/span><\/strong><span lang=\"ES\" style=\"font-size: 11pt; font-family: Calibri, sans-serif;\"><br \/>\nEn el acto se present\u00f3 un video del Papa denominado \u201cQueremos vida y agua\u201d y otro sobre ni\u00f1os cantando en un r\u00edo amaz\u00f3nico. Hablaron asimismo Ismael Vega, del Centro Amaz\u00f3nico de Antropolog\u00eda y Aplicaci\u00f3n Pr\u00e1ctica (CAAAP); Mauricio L\u00f3pez, de la Red Eclesial Amaz\u00f3nica (REPAM), Leonardo Tello de radio Ucamara de Loreto, y Jorge Elgregen, director de la Escuela de Econom\u00eda y Gesti\u00f3n Ambiental de la citada casa de estudios y el rector de la Universidad Ernesto Cavassa, quien clausur\u00f3 el evento.<o:p><\/o:p><\/span><\/p>\n<p class=\"MsoNormal\"><span lang=\"ES\">\u00a0<\/span><\/p>\n<p class=\"MsoNormal\" style=\"vertical-align:baseline\"><span lang=\"ES\" style=\"font-size: 11pt; font-family: Calibri, sans-serif; border: 1pt none windowtext; padding: 0cm;\">Por\u00a0<\/span><strong><span lang=\"ES\" style=\"font-size: 11pt; font-family: Calibri, sans-serif; border: 1pt none windowtext; padding: 0cm; font-weight: normal;\">Denis Merino.<\/span><\/strong><span lang=\"ES\" style=\"font-size: 11pt; font-family: Calibri, sans-serif; border: 1pt none windowtext; padding: 0cm;\"> <a href=\"http:\/\/diariouno.pe\/author\/roggitec\/\" title=\"Entradas de Diario UNO\"><span style=\"color:black;mso-themecolor:text1;text-decoration:none;text-underline:\nnone\">Diario UNO<\/span><\/a>.\u00a021 de agosto de 2016.<\/span><span lang=\"ES\" style=\"font-size: 11pt; font-family: Calibri, sans-serif;\"><o:p><\/o:p><\/span><\/p>\n<p><a href=\"http:\/\/web.hilo.org.pe\/wp-content\/uploads\/pueblos indigenas.jpg\" target=\"_blank\" rel=\"noopener\">Ver archivo adjunto<\/a><\/p>\n","protected":false},"excerpt":{"rendered":"<p>Obispos defienden la Amazon?a<\/p>\n<p>Un llamado a los gobiernos, las empresas y la comunidad para impedir que la Amazon?a, considerada uno de los principales pulmones del planeta, continu? siendo contaminada y depredada, en perjuicio del planeta y de los pueblos originarios, hicieron en Lima religiosos y especialistas en temas de ambiente.<\/p>\n","protected":false},"author":1,"featured_media":7854,"comment_status":"closed","ping_status":"closed","sticky":false,"template":"","format":"standard","meta":{"footnotes":""},"categories":[9],"tags":[],"class_list":["post-2911","post","type-post","status-publish","format-standard","has-post-thumbnail","hentry","category-noticias"],"_links":{"self":[{"href":"https:\/\/ceas.org.pe\/index.php\/wp-json\/wp\/v2\/posts\/2911","targetHints":{"allow":["GET"]}}],"collection":[{"href":"https:\/\/ceas.org.pe\/index.php\/wp-json\/wp\/v2\/posts"}],"about":[{"href":"https:\/\/ceas.org.pe\/index.php\/wp-json\/wp\/v2\/types\/post"}],"author":[{"embeddable":true,"href":"https:\/\/ceas.org.pe\/index.php\/wp-json\/wp\/v2\/users\/1"}],"replies":[{"embeddable":true,"href":"https:\/\/ceas.org.pe\/index.php\/wp-json\/wp\/v2\/comments?post=2911"}],"version-history":[{"count":1,"href":"https:\/\/ceas.org.pe\/index.php\/wp-json\/wp\/v2\/posts\/2911\/revisions"}],"predecessor-version":[{"id":6307,"href":"https:\/\/ceas.org.pe\/index.php\/wp-json\/wp\/v2\/posts\/2911\/revisions\/6307"}],"wp:featuredmedia":[{"embeddable":true,"href":"https:\/\/ceas.org.pe\/index.php\/wp-json\/wp\/v2\/media\/7854"}],"wp:attachment":[{"href":"https:\/\/ceas.org.pe\/index.php\/wp-json\/wp\/v2\/media?parent=2911"}],"wp:term":[{"taxonomy":"category","embeddable":true,"href":"https:\/\/ceas.org.pe\/index.php\/wp-json\/wp\/v2\/categories?post=2911"},{"taxonomy":"post_tag","embeddable":true,"href":"https:\/\/ceas.org.pe\/index.php\/wp-json\/wp\/v2\/tags?post=2911"}],"curies":[{"name":"wp","href":"https:\/\/api.w.org\/{rel}","templated":true}]}}