{"id":2910,"date":"2016-08-24T11:53:48","date_gmt":"2016-08-24T11:53:48","guid":{"rendered":""},"modified":"2026-03-11T09:12:01","modified_gmt":"2026-03-11T14:12:01","slug":"seminario-omisericordiosos-como-el-padreo","status":"publish","type":"post","link":"https:\/\/ceas.org.pe\/index.php\/2016\/08\/24\/seminario-omisericordiosos-como-el-padreo\/","title":{"rendered":"Seminario \u00f3Misericordiosos como el Padre\u00f3"},"content":{"rendered":"<p class=\"Style14\"><span class=\"estilo791\">Seminario \u201cMisericordiosos como el Padre\u201d<o:p><\/o:p><\/span><\/p>\n<p class=\"Style14\"><span class=\"estilo791\">23 al 25 de agosto de 2016<o:p><\/o:p><\/span><\/p>\n<p class=\"Style14\">\nAyer martes 23 de agosto se dio inicio al esperado Seminario \u201cMisericordiosos como el Padre\u201d, organizado por la Conferencia Episcopal Peruana, como parte de las celebraciones por el \u201cJubileo Extraordinario de la Misericordia\u201d, convocado por el Papa Francisco.<\/p>\n<p class=\"Style14\">Este gran evento se realizar\u00e1 hasta el jueves 25 de agosto, en el auditorio del Centro de Formaci\u00f3n en Salud \u201cSan Camilo\u201d (Av. Brasil 231), en Lima, de 6:00 a 8:30 p.m., y est\u00e1 dirigido a sacerdotes, religiosos, religiosas, seminaristas, catequistas, docentes, agentes pastorales y p\u00fablico en general.<\/p>\n<p class=\"Style14\">La inauguraci\u00f3n estuvo a cargo del Reverendo <i>Padre Guillermo Inca Pereda,<\/i> Secretario General Adjunto de la Conferencia Episcopal Peruana. A continuaci\u00f3n se tuvo la primera ponencia con el tema: \u201cJesucristo, rostro de la Misericordia del Padre\u201d, a cargo de <i>Monse\u00f1or Fortunato Pablo Urcey, OAR.,<\/i> Obispo Prelado de Chota y Secretario General de la Conferencia Episcopal Peruana, lo acompa\u00f1aron en el panel la <i>Lic. Laura Vargas Valc\u00e1rcel<\/i> de CEAS con el tema \u201cRostros de Cristo sufriente\u201d y la <i>Hna. Katty Hu\u00e1nuco Salcedo<\/i> de Red KAUSAY, con las \u201cExperiencias de acogida\u201d.<o:p><\/o:p><\/p>\n<p class=\"Style14\" align=\"left\">Hoy mi\u00e9rcoles 24, el tema ser\u00e1: \u201cUna Iglesia Misericordiosa\u201d, a cargo de <i>Monse\u00f1or Daniel Turley Murphy, OSA.,<\/i> Obispo de Chulucanas; el panel estar\u00e1 a cargo del <i>Rvdo. P. Jaume Benaloy<\/i> con el tema \u201cIglesia necesitada y constructora de Reconciliaci\u00f3n\u201d y del<b> <\/b><i>Dr. Edgar Tejada<\/i><b>, <\/b>con el tema \u201cCelebraci\u00f3n de la Reconciliaci\u00f3n: familia y sociedad\u201d.<o:p><\/o:p><\/p>\n<p class=\"Style14\">Ma\u00f1ana jueves 25, el tema ser\u00e1: \u201cUna Iglesia Samaritana\u201d, a cargo de <i>Monse\u00f1or Pedro Barreto Jimeno, SJ., Arzobispo de Huancayo.<\/i> Se contar\u00e1 con un panel conformado por <i>Antrop\u00f3logo Ismael Vega\u00a0D\u00edaz\u00a0del<\/i><i> Centro Amaz\u00f3nico de Antropolog\u00eda y Aplicaci\u00f3n Pr\u00e1ctica -CAAAP-<\/i><i>,<\/i> qui\u00e9n nos hablar\u00e1 \u201cDel cuidado de la creaci\u00f3n\u201d y con el <i>Doctor <\/i><i>Eduardo Vega\u00a0Luna, Defensor del Pueblo<\/i> que nos hablar\u00e1 sobre \u201cEl cuidado de la humanidad\u201d.<\/p>\n<p class=\"Style14\">\u00a1Los esperamos!<\/p>\n<p class=\"Style14\"><o:p><\/o:p><\/p>\n<p><a href=\"http:\/\/web.hilo.org.pe\/wp-content\/uploads\/SEMINARIO MISERICORDIA.jpg\" target=\"_blank\" rel=\"noopener\">Ver archivo adjunto<\/a><\/p>\n","protected":false},"excerpt":{"rendered":"<p>Seminario ?Misericordiosos como el Padre?<br \/>\n23 al 25 de agosto de 2016<\/p>\n<p>Ayer martes 23 de agosto se dio inicio al esperado Seminario ?Misericordiosos como el Padre?, organizado por la Conferencia Episcopal Peruana, como parte de las celebraciones por el ?Jubileo Extraordinario de la Misericordia?, convocado por el Papa Francisco.<\/p>\n","protected":false},"author":1,"featured_media":7886,"comment_status":"closed","ping_status":"closed","sticky":false,"template":"","format":"standard","meta":{"footnotes":""},"categories":[9],"tags":[],"class_list":["post-2910","post","type-post","status-publish","format-standard","has-post-thumbnail","hentry","category-noticias"],"_links":{"self":[{"href":"https:\/\/ceas.org.pe\/index.php\/wp-json\/wp\/v2\/posts\/2910","targetHints":{"allow":["GET"]}}],"collection":[{"href":"https:\/\/ceas.org.pe\/index.php\/wp-json\/wp\/v2\/posts"}],"about":[{"href":"https:\/\/ceas.org.pe\/index.php\/wp-json\/wp\/v2\/types\/post"}],"author":[{"embeddable":true,"href":"https:\/\/ceas.org.pe\/index.php\/wp-json\/wp\/v2\/users\/1"}],"replies":[{"embeddable":true,"href":"https:\/\/ceas.org.pe\/index.php\/wp-json\/wp\/v2\/comments?post=2910"}],"version-history":[{"count":1,"href":"https:\/\/ceas.org.pe\/index.php\/wp-json\/wp\/v2\/posts\/2910\/revisions"}],"predecessor-version":[{"id":6308,"href":"https:\/\/ceas.org.pe\/index.php\/wp-json\/wp\/v2\/posts\/2910\/revisions\/6308"}],"wp:featuredmedia":[{"embeddable":true,"href":"https:\/\/ceas.org.pe\/index.php\/wp-json\/wp\/v2\/media\/7886"}],"wp:attachment":[{"href":"https:\/\/ceas.org.pe\/index.php\/wp-json\/wp\/v2\/media?parent=2910"}],"wp:term":[{"taxonomy":"category","embeddable":true,"href":"https:\/\/ceas.org.pe\/index.php\/wp-json\/wp\/v2\/categories?post=2910"},{"taxonomy":"post_tag","embeddable":true,"href":"https:\/\/ceas.org.pe\/index.php\/wp-json\/wp\/v2\/tags?post=2910"}],"curies":[{"name":"wp","href":"https:\/\/api.w.org\/{rel}","templated":true}]}}