{"id":2909,"date":"2016-08-23T17:49:20","date_gmt":"2016-08-23T17:49:20","guid":{"rendered":""},"modified":"2026-03-11T09:12:01","modified_gmt":"2026-03-11T14:12:01","slug":"se-inicio-jubileo-extraordinario-de-la-misericordia-en-amorica-latina","status":"publish","type":"post","link":"https:\/\/ceas.org.pe\/index.php\/2016\/08\/23\/se-inicio-jubileo-extraordinario-de-la-misericordia-en-amorica-latina\/","title":{"rendered":"Se inici\u00f3 Jubileo Extraordinario de la Misericordia en Am\u00f3rica Latina"},"content":{"rendered":"<p>Del 23 al 25 de agosto, en Bogot\u00e1, antes de la celebraci\u00f3n del Jubileo Extraordinario de la Misericordia en el continente americano, el CELAM llevar\u00e1 a cabo la reuni\u00f3n de coordinaci\u00f3n que peri\u00f3dicamente realiza con la participaci\u00f3n de sus directivos, entre quienes se encuentran los miembros de la Presidencia, en cabeza de su presidente, el cardenal Rub\u00e9n Salazar G\u00f3mez, arzobispo de Bogot\u00e1, el Secretario General Monse\u00f1or Juan Espinoza, Obispo auxiliar de Morelia M\u00e9xico, as\u00ed como los presidentes de las Conferencias Episcopales de los diferentes pa\u00edses. Estar\u00e1n tambi\u00e9n los presidentes y miembros de las comisiones episcopales y los secretarios ejecutivos de cada uno de los siete departamentos (Comuni\u00f3n Eclesial y Di\u00e1logo; Misi\u00f3n y Espiritualidad; Vocaciones y Ministerios; Familias, Vida y Juventud; Cultura y Educaci\u00f3n; Justicia y Solidaridad; Comunicaci\u00f3n y Prensa), y de las tres Escuelas del CEBITEPAL (Escuela Teol\u00f3gica; Escuela B\u00edblica; Escuela Social) que conforman la secretar\u00eda general.<\/p>\n<div>\u00a0<\/div>\n<div>La evaluaci\u00f3n y la proyecci\u00f3n del Plan Global 2015-2019 constituye el motivo principal de la reuni\u00f3n de coordinaci\u00f3n, que hace parte de la singular experiencia de comuni\u00f3n y participaci\u00f3n del CELAM al servicio de las 22 conferencias episcopales de Am\u00e9rica Latina y el Caribe, acorde con n\u00facleos b\u00edblico-teol\u00f3gicos, los desaf\u00edos, las l\u00edneas de acci\u00f3n y el objetivo general, que determinan cada uno de los programas que se desarrollar\u00e1n durante el actual per\u00edodo.\u00a0<\/div>\n<div>\u00a0<\/div>\n<div>En este sentido, se estima que el principal fruto de la reuni\u00f3n de coordinaci\u00f3n ser\u00e1 el fortalecimiento de las acciones que permitir\u00e1n avanzar en torno al prop\u00f3sito fundamental del Plan Global del CELAM para el presente cuatrienio, de modo que sea posible continuar promoviendo, en comuni\u00f3n con las Conferencias Episcopales de Am\u00e9rica Latina y El Caribe, bajo la gu\u00eda del Esp\u00edritu Santo, una Iglesia misionera en salida, pobre para los pobres, mediante su conversi\u00f3n pastoral en di\u00e1logo con el mundo, para anunciar con alegr\u00eda a Jesucristo, vida plena para todos los pueblos.<\/div>\n<div>\u00a0<\/div>\n<div>\u00a0<\/div>\n<div>Fuente: CELAM<\/div>\n<div>\u00a0<\/div>\n<div>\u00a0<\/div>\n<p><a href=\"http:\/\/web.hilo.org.pe\/wp-content\/uploads\/20160823_Reunion de coordinacion del CELAM.jpg\" target=\"_blank\" rel=\"noopener\">Ver archivo adjunto<\/a><\/p>\n","protected":false},"excerpt":{"rendered":"<p>Del 23 al 25 de agosto, en Bogot?, antes de la celebraci?n del Jubileo Extraordinario de la Misericordia en el continente americano, el CELAM llevar? a cabo la reuni?n de coordinaci?n que peri?dicamente realiza con la participaci?n de sus directivos, entre quienes se encuentran los miembros de la Presidencia, en cabeza de su presidente, el cardenal Rub?n Salazar G?mez, arzobispo de Bogot?, el Secretario General Monse?or Juan Espinoza, Obispo auxiliar de Morelia M?xico, as? como los presidentes de las Conferencias Episcopales de los diferentes pa?ses.<\/p>\n","protected":false},"author":1,"featured_media":8110,"comment_status":"closed","ping_status":"closed","sticky":false,"template":"","format":"standard","meta":{"footnotes":""},"categories":[9],"tags":[],"class_list":["post-2909","post","type-post","status-publish","format-standard","has-post-thumbnail","hentry","category-noticias"],"_links":{"self":[{"href":"https:\/\/ceas.org.pe\/index.php\/wp-json\/wp\/v2\/posts\/2909","targetHints":{"allow":["GET"]}}],"collection":[{"href":"https:\/\/ceas.org.pe\/index.php\/wp-json\/wp\/v2\/posts"}],"about":[{"href":"https:\/\/ceas.org.pe\/index.php\/wp-json\/wp\/v2\/types\/post"}],"author":[{"embeddable":true,"href":"https:\/\/ceas.org.pe\/index.php\/wp-json\/wp\/v2\/users\/1"}],"replies":[{"embeddable":true,"href":"https:\/\/ceas.org.pe\/index.php\/wp-json\/wp\/v2\/comments?post=2909"}],"version-history":[{"count":1,"href":"https:\/\/ceas.org.pe\/index.php\/wp-json\/wp\/v2\/posts\/2909\/revisions"}],"predecessor-version":[{"id":6309,"href":"https:\/\/ceas.org.pe\/index.php\/wp-json\/wp\/v2\/posts\/2909\/revisions\/6309"}],"wp:featuredmedia":[{"embeddable":true,"href":"https:\/\/ceas.org.pe\/index.php\/wp-json\/wp\/v2\/media\/8110"}],"wp:attachment":[{"href":"https:\/\/ceas.org.pe\/index.php\/wp-json\/wp\/v2\/media?parent=2909"}],"wp:term":[{"taxonomy":"category","embeddable":true,"href":"https:\/\/ceas.org.pe\/index.php\/wp-json\/wp\/v2\/categories?post=2909"},{"taxonomy":"post_tag","embeddable":true,"href":"https:\/\/ceas.org.pe\/index.php\/wp-json\/wp\/v2\/tags?post=2909"}],"curies":[{"name":"wp","href":"https:\/\/api.w.org\/{rel}","templated":true}]}}