{"id":2907,"date":"2016-08-22T18:17:51","date_gmt":"2016-08-22T18:17:51","guid":{"rendered":""},"modified":"2026-03-11T09:12:01","modified_gmt":"2026-03-11T14:12:01","slug":"en-la-confesion-resplandece-el-don-la-misericordia-afirma-santo-padre","status":"publish","type":"post","link":"https:\/\/ceas.org.pe\/index.php\/2016\/08\/22\/en-la-confesion-resplandece-el-don-la-misericordia-afirma-santo-padre\/","title":{"rendered":"\u00abEn la confesi\u00f3n resplandece el don la misericordia\u00bb afirma Santo Padre"},"content":{"rendered":"<p>Uno es perdonado para poder perdonar. La misericordia del Padre se demuestra potente en el renovar a las personas y volverlas capaces de ofrecer a los otros la experiencia viva de este mismo don.<\/p>\n<div>\u00a0<\/div>\n<div>Es esto en s\u00edntesis el coraz\u00f3n del mensaje que el santo padre Francisco ha enviado al presidente del Centro de Acci\u00f3n Lit\u00fargica, el obispo de Castellaneta, Claudio Maniago, con motivo de la 67\u00b0 semana lit\u00fargica nacional italiana que inici\u00f3 hoy en la ciudad de Gubbio, con el tema: \u201cLa liturgia lugar de la misericordia. Reconc\u00edliate para reconciliar\u201d y que concluye el 25 de agosto.<\/div>\n<div>\u00a0<\/div>\n<div>En el texto firmado por el cardenal secretario de Estado, Pietro Parolin, el Papa exhorta a vivir el rito de la penitencia sacramental \u201ccomo expresi\u00f3n de una \u2018Iglesia en salida\u2019, como \u2018puerta\u2019, no solamente para volver a entrar despu\u00e9s de haberse alejado, sino tambi\u00e9n como \u2018umbral\u2019 abierto hacia las diversas periferias de la humanidad siempre m\u00e1s necesitada de compasi\u00f3n\u201d.<\/div>\n<div>\u00a0<\/div>\n<div>Es en el sacramento de la Penitencia o reconciliaci\u00f3n que de hecho \u201cresplandece de manera toda particular\u201d el don de la misericordia; en este sacramento \u201cse cumple el encuentro con la misericordia recreadora de Dios de la cual salen hombres y mujeres nuevos para anunciar la vida buena del evangelio a trav\u00e9s de una existencia reconciliada y reconciliadora\u201d.<\/div>\n<div>\u00a0<\/div>\n<div>Citando las palabras de San Le\u00f3n Magno, dice: \u201cLo que era visible y tangible en nuestro Redentor ha pasado a los sacramentos\u201d. Esta idea, asegura Francisco, \u201cnos ayuda a percibir toda la liturgia como un lugar donde se encuentra la misericordia para ser acogida y para ser donada, lugar en el que el gran misterio de la reconciliaci\u00f3n se vuelve presente, anunciado, celebrado y comunicado\u201d.<\/div>\n<div>\u00a0<\/div>\n<div>El deseo del Papa es por lo tanto que \u201cde las reflexiones y de las celebraciones de la Semana lit\u00fargica, se vuelva siempre m\u00e1s madura la compresi\u00f3n de la liturgia como fons et culmen de una vida eclesial y personal llena de misericordia y de compasi\u00f3n, porque constantemente formada en la escuela del evangelio\u201d.<\/div>\n<div>\u00a0<\/div>\n<div>La misiva concluye confiando \u201ca la materna intercesi\u00f3n de Mar\u00eda, Mater Misericordiae, los trabajos y las espectativas del importante evento lit\u00fargico nacional\u201d.<\/div>\n<div>\u00a0<\/div>\n<div>Fuente: zenit.org<\/div>\n<p><a href=\"http:\/\/web.hilo.org.pe\/wp-content\/uploads\/Dondelamisericordia.jpg\" target=\"_blank\" rel=\"noopener\">Ver archivo adjunto<\/a><\/p>\n","protected":false},"excerpt":{"rendered":"<p>Uno es perdonado para poder perdonar. La misericordia del Padre se demuestra potente en el renovar a las personas y volverlas capaces de ofrecer a los otros la experiencia viva de este mismo don.<\/p>\n","protected":false},"author":1,"featured_media":7848,"comment_status":"closed","ping_status":"closed","sticky":false,"template":"","format":"standard","meta":{"footnotes":""},"categories":[9],"tags":[],"class_list":["post-2907","post","type-post","status-publish","format-standard","has-post-thumbnail","hentry","category-noticias"],"_links":{"self":[{"href":"https:\/\/ceas.org.pe\/index.php\/wp-json\/wp\/v2\/posts\/2907","targetHints":{"allow":["GET"]}}],"collection":[{"href":"https:\/\/ceas.org.pe\/index.php\/wp-json\/wp\/v2\/posts"}],"about":[{"href":"https:\/\/ceas.org.pe\/index.php\/wp-json\/wp\/v2\/types\/post"}],"author":[{"embeddable":true,"href":"https:\/\/ceas.org.pe\/index.php\/wp-json\/wp\/v2\/users\/1"}],"replies":[{"embeddable":true,"href":"https:\/\/ceas.org.pe\/index.php\/wp-json\/wp\/v2\/comments?post=2907"}],"version-history":[{"count":1,"href":"https:\/\/ceas.org.pe\/index.php\/wp-json\/wp\/v2\/posts\/2907\/revisions"}],"predecessor-version":[{"id":6311,"href":"https:\/\/ceas.org.pe\/index.php\/wp-json\/wp\/v2\/posts\/2907\/revisions\/6311"}],"wp:featuredmedia":[{"embeddable":true,"href":"https:\/\/ceas.org.pe\/index.php\/wp-json\/wp\/v2\/media\/7848"}],"wp:attachment":[{"href":"https:\/\/ceas.org.pe\/index.php\/wp-json\/wp\/v2\/media?parent=2907"}],"wp:term":[{"taxonomy":"category","embeddable":true,"href":"https:\/\/ceas.org.pe\/index.php\/wp-json\/wp\/v2\/categories?post=2907"},{"taxonomy":"post_tag","embeddable":true,"href":"https:\/\/ceas.org.pe\/index.php\/wp-json\/wp\/v2\/tags?post=2907"}],"curies":[{"name":"wp","href":"https:\/\/api.w.org\/{rel}","templated":true}]}}