{"id":2906,"date":"2016-08-19T17:51:43","date_gmt":"2016-08-19T17:51:43","guid":{"rendered":""},"modified":"2026-03-11T09:12:01","modified_gmt":"2026-03-11T14:12:01","slug":"convocan-a-medios-de-comunicacion-para-ocadena-de-la-misericordiao","status":"publish","type":"post","link":"https:\/\/ceas.org.pe\/index.php\/2016\/08\/19\/convocan-a-medios-de-comunicacion-para-ocadena-de-la-misericordiao\/","title":{"rendered":"Convocan a medios de comunicaci\u00f3n para \u00f3Cadena de la misericordia\u00f3"},"content":{"rendered":"<p>Con fecha 16 de agosto de 2016 fue expedida una carta que con esp\u00edritu fraterno convoca a todos los medios de comunicaci\u00f3n a trav\u00e9s de los Departamentos de comunicaci\u00f3n y Prensa de las conferencias de los episcopados de Am\u00e9rica latina y el Caribe, extensivo a la Iglesia Estadounidense y de Canada.<\/p>\n<div>\u00a0<\/div>\n<div>\u201cUna nueva alegr\u00eda para nuestro Continente Americano, es el Congreso Continental de la Misericordia, y queremos vivir este acontecimiento como una experiencia de comuni\u00f3n eclesial, unidos al Vicario de Cristo y la Iglesia Universal\u201d; Afirma la invitaci\u00f3n.<\/div>\n<div>\u00a0<\/div>\n<div>Con el objeto de establecer una cadena de misericordia y amistad en el servicio comunicacional, todas las Televisoras est\u00e1n invitadas a tomar la se\u00f1al de TV-CELAM, un Canal a trav\u00e9s del cual se transmitir\u00e1 la se\u00f1al oficial. De la misma manera se ofrece para las radios una programaci\u00f3n en la Se\u00f1al de Radio-Celam, una radio online. Tanto la se\u00f1al de Radio, como la de televisi\u00f3n para ver y retransmitir el Congreso, se encontrar\u00e1n en la plataforma comunicacional www.comunicacioncelam.org<\/div>\n<div>\u00a0<\/div>\n<div>Se trata de vivir la alegr\u00eda en el servicio y comunicar desde el coraz\u00f3n para que nuestros pueblos tengan vida desde la alegr\u00eda del Evangelio.<\/div>\n<div>\u00a0<\/div>\n<div>Se contar\u00e1 por tanto con una programaci\u00f3n para Radio y Televisi\u00f3n, gracias al equipo y las diferentes instancias de Iglesia que generosa e incondicionalmente con cari\u00f1o hacia nuestros pueblos se han puesto al servicio de esta obra<\/div>\n<div>\u00a0<\/div>\n<div>Es la hora de la fraternidad y de la comuni\u00f3n para el servicio, es el lema silencioso que dirige y orienta las intenciones del coraz\u00f3n para esta noble labor, que deseamos produzca los mejores frutos y nos haga sentirnos labradores del Reino de Dios en la historia actual.<\/div>\n<div>\u00a0<\/div>\n<div>Les compartimos la carta de convocatoria firmada por Monse\u00f1or Juan Espinoza, Secretario general, Monse\u00f1or Heriberto Bodeant, Obispo de Melo, Uruguay y el Presb\u00edtero Rigoberto P\u00e9rez Garrido; Presidente y Secretario Ejecutivo del Departamento de Comunicaci\u00f3n y Prensa CELAM.<\/div>\n<div>\u00a0<\/div>\n<div><a href=\"http:\/\/www.celam.org\/noticelam\/docs\/20160818_convocatoria.pdf\" target=\"_blank\">&#8211; Carta de convocatoria<\/a><\/div>\n<div>\u00a0<\/div>\n<div>\u00a0Fuente: CELAM<\/div>\n<div>\u00a0<\/div>\n<p><a href=\"http:\/\/web.hilo.org.pe\/wp-content\/uploads\/Cadena de la misericordia.jpg\" target=\"_blank\" rel=\"noopener\">Ver archivo adjunto<\/a><\/p>\n","protected":false},"excerpt":{"rendered":"<p>Con fecha 16 de agosto de 2016 fue expedida una carta que con esp?ritu fraterno convoca a todos los medios de comunicaci?n a trav?s de los Departamentos de comunicaci?n y Prensa de las conferencias de los episcopados de Am?rica latina y el Caribe, extensivo a la Iglesia Estadounidense y de Canada.<\/p>\n","protected":false},"author":1,"featured_media":7931,"comment_status":"closed","ping_status":"closed","sticky":false,"template":"","format":"standard","meta":{"footnotes":""},"categories":[9],"tags":[],"class_list":["post-2906","post","type-post","status-publish","format-standard","has-post-thumbnail","hentry","category-noticias"],"_links":{"self":[{"href":"https:\/\/ceas.org.pe\/index.php\/wp-json\/wp\/v2\/posts\/2906","targetHints":{"allow":["GET"]}}],"collection":[{"href":"https:\/\/ceas.org.pe\/index.php\/wp-json\/wp\/v2\/posts"}],"about":[{"href":"https:\/\/ceas.org.pe\/index.php\/wp-json\/wp\/v2\/types\/post"}],"author":[{"embeddable":true,"href":"https:\/\/ceas.org.pe\/index.php\/wp-json\/wp\/v2\/users\/1"}],"replies":[{"embeddable":true,"href":"https:\/\/ceas.org.pe\/index.php\/wp-json\/wp\/v2\/comments?post=2906"}],"version-history":[{"count":1,"href":"https:\/\/ceas.org.pe\/index.php\/wp-json\/wp\/v2\/posts\/2906\/revisions"}],"predecessor-version":[{"id":6312,"href":"https:\/\/ceas.org.pe\/index.php\/wp-json\/wp\/v2\/posts\/2906\/revisions\/6312"}],"wp:featuredmedia":[{"embeddable":true,"href":"https:\/\/ceas.org.pe\/index.php\/wp-json\/wp\/v2\/media\/7931"}],"wp:attachment":[{"href":"https:\/\/ceas.org.pe\/index.php\/wp-json\/wp\/v2\/media?parent=2906"}],"wp:term":[{"taxonomy":"category","embeddable":true,"href":"https:\/\/ceas.org.pe\/index.php\/wp-json\/wp\/v2\/categories?post=2906"},{"taxonomy":"post_tag","embeddable":true,"href":"https:\/\/ceas.org.pe\/index.php\/wp-json\/wp\/v2\/tags?post=2906"}],"curies":[{"name":"wp","href":"https:\/\/api.w.org\/{rel}","templated":true}]}}