{"id":2905,"date":"2016-08-19T17:49:17","date_gmt":"2016-08-19T17:49:17","guid":{"rendered":""},"modified":"2026-03-11T09:12:01","modified_gmt":"2026-03-11T14:12:01","slug":"proteger-a-nioos-ante-brutalidad-de-conflictos-en-el-mundo-pide-santa-sede-en-la-onu","status":"publish","type":"post","link":"https:\/\/ceas.org.pe\/index.php\/2016\/08\/19\/proteger-a-nioos-ante-brutalidad-de-conflictos-en-el-mundo-pide-santa-sede-en-la-onu\/","title":{"rendered":"Proteger a  ni\u00f3os ante brutalidad de conflictos en el mundo pide Santa Sede en la ONU"},"content":{"rendered":"<div>Despu\u00e9s de un reciente informe que confirm\u00f3 el aumento de la violencia contra los ni\u00f1os en las zonas de conflicto, la Santa Sede pidi\u00f3 a las Naciones Unidas y a los gobiernos locales proteger a los j\u00f3venes inocentes que est\u00e1n atrapados en el fuego cruzado de la violencia en todo el mundo.<\/div>\n<div>\u00a0<\/div>\n<div>\u00abNunca en la memoria reciente han sido sometidos tantos ni\u00f1os a esta violenta brutalidad: ni\u00f1os utilizados como soldados, terroristas suicidas, esclavos sexuales y recolectores desechables de informaci\u00f3n de inteligencia en las operaciones militares m\u00e1s peligrosas\u00bb, afirm\u00f3 el Arzobispo Bernardito Auza, Nuncio Apost\u00f3lico y Observador Permanente de la Santa Sede ante la ONU en Nueva York.<\/div>\n<div>\u00a0<\/div>\n<div>\u00abEstos cr\u00edmenes deben ser condenados en los t\u00e9rminos m\u00e1s en\u00e9rgicos posibles\u00bb, sostuvo.<\/div>\n<div>Las declaraciones del Arzobispo se produjeron durante el debate abierto del Consejo de Seguridad de las Naciones Unidas sobre Ni\u00f1os y Conflictos Armados, realizado a principios de este mes.<\/div>\n<div>\u00a0<\/div>\n<div>El Consejo revis\u00f3 el informe de la Secretar\u00eda General sobre los ni\u00f1os atrapados en los conflictos armados, que confirm\u00f3 que el a\u00f1o 2015 solamente trajo un \u00abaumento de la intensidad de violaci\u00f3nes graves\u00bb.<\/div>\n<div>\u00a0<\/div>\n<div>El informe tambi\u00e9n se\u00f1ala que decenas de miles de ni\u00f1os y ni\u00f1as han sido v\u00edctimas de reclutamiento forzado, violencia sexual y tortura en medio del caos de las zonas de conflicto. S\u00f3lo en 2015 se reportaron m\u00e1s de cuatro mil secuestros .<\/div>\n<div>\u00a0<\/div>\n<div>A pesar de algunos avances como la legislaci\u00f3n contra el terrorismo, Mons. Auza pidi\u00f3 a la ONU y a los gobiernos locales dar m\u00e1s pasos. El Prelado filipino sugiri\u00f3 un programa de reintegraci\u00f3n para la recuperaci\u00f3n de ni\u00f1os soldados y v\u00edctimas de abuso sexual como una forma de curar las heridas infligidas a los inocentes.<\/div>\n<div>\u00a0<\/div>\n<div>\u00abUna soluci\u00f3n a la dif\u00edcil situaci\u00f3n de los ni\u00f1os atrapados en los conflictos armados, en particular los ni\u00f1os soldados, requiere de una sensibilidad para encontrar formas de reintegrar a estos ni\u00f1os a sus propias comunidades\u00bb, se\u00f1al\u00f3 el Arzobispo.<\/div>\n<div>\u00a0<\/div>\n<div>Adem\u00e1s, alent\u00f3 a una actitud de piedad y confirmaci\u00f3n dentro de las comunidades donde los ni\u00f1os son reintegrados, y se manifest\u00f3 en contra de cualquier perjuicio que pueda obstaculizar la aceptaci\u00f3n de estos ni\u00f1os dentro de sus familias.<\/div>\n<div>\u00a0<\/div>\n<div>\u00abSi somos testigos de actos barb\u00e1ricos que van m\u00e1s all\u00e1 de la imaginaci\u00f3n de cualquiera y que son cometidos tambi\u00e9n por ni\u00f1os soldados, debemos recordar que estos ni\u00f1os son explotados y manipulados en lo que se han convertido\u00bb, declar\u00f3 Mons. Auza, y agreg\u00f3 que \u00abtambi\u00e9n tenemos que construir caminos para el asesoramiento y la reconciliaci\u00f3n\u00bb.<\/div>\n<div>\u00a0<\/div>\n<div>El Arzobispo denunci\u00f3 los continuos ataques a\u00e9reos contra escuelas y hospitales como una indiferencia intencional a las leyes internacionales humanitarias. Llam\u00f3 a las Naciones Unidas a \u00abimplementar medidas m\u00e1s fuertes para la protecci\u00f3n de los ni\u00f1os en los conflictos armados\u00bb.<\/div>\n<div>\u00a0<\/div>\n<div>\u00abEn la lucha contra los grupos armados no estatales y el terrorismo, se pide a los Estados garantizar que sus respuestas a todas las amenazas contra la paz y la seguridad sean llevadas a cabo en plena conformidad con el derecho internacional humanitario, para asegurar que los ni\u00f1os no sean v\u00edctimas dos veces\u00bb, sostuvo el Arzobispo.<\/div>\n<div>\u00a0<\/div>\n<div>Al pedir el apoyo de las comunidades internacionales, Mons. Auza se\u00f1al\u00f3 que \u00abla obligaci\u00f3n de poner fin a los actos de barbarie contra los ni\u00f1os atrapados en los conflictos armados nos compete a cada uno de nosotros\u00bb.<\/div>\n<div>\u00a0<\/div>\n<div>\u00abLa Santa Sede espera que la situaci\u00f3n de los ni\u00f1os atrapados en los conflictos armados despierte las conciencias, que lleven a un cambio de coraz\u00f3n e inspiren a todas las partes a deponer las armas y tomar el camino del di\u00e1logo\u00bb.<\/div>\n<div>\u00a0<\/div>\n<div>Traducido y adaptado por B\u00e1rbara Bustamante. Publicado originalmente en CNA.<\/div>\n<div>\u00a0<\/div>\n<div>Fuente: ACI Prensa<\/div>\n<p><a href=\"http:\/\/web.hilo.org.pe\/wp-content\/uploads\/Conflictosenelmundo.jpg\" target=\"_blank\" rel=\"noopener\">Ver archivo adjunto<\/a><\/p>\n","protected":false},"excerpt":{"rendered":"<p>Despu?s de un reciente informe que confirm? el aumento de la violencia contra los ni?os en las zonas de conflicto, la Santa Sede pidi? a las Naciones Unidas y a los gobiernos locales proteger a los j?venes inocentes que est?n atrapados en el fuego cruzado de la violencia en todo el mundo.<\/p>\n","protected":false},"author":1,"featured_media":7946,"comment_status":"closed","ping_status":"closed","sticky":false,"template":"","format":"standard","meta":{"footnotes":""},"categories":[9],"tags":[],"class_list":["post-2905","post","type-post","status-publish","format-standard","has-post-thumbnail","hentry","category-noticias"],"_links":{"self":[{"href":"https:\/\/ceas.org.pe\/index.php\/wp-json\/wp\/v2\/posts\/2905","targetHints":{"allow":["GET"]}}],"collection":[{"href":"https:\/\/ceas.org.pe\/index.php\/wp-json\/wp\/v2\/posts"}],"about":[{"href":"https:\/\/ceas.org.pe\/index.php\/wp-json\/wp\/v2\/types\/post"}],"author":[{"embeddable":true,"href":"https:\/\/ceas.org.pe\/index.php\/wp-json\/wp\/v2\/users\/1"}],"replies":[{"embeddable":true,"href":"https:\/\/ceas.org.pe\/index.php\/wp-json\/wp\/v2\/comments?post=2905"}],"version-history":[{"count":1,"href":"https:\/\/ceas.org.pe\/index.php\/wp-json\/wp\/v2\/posts\/2905\/revisions"}],"predecessor-version":[{"id":6313,"href":"https:\/\/ceas.org.pe\/index.php\/wp-json\/wp\/v2\/posts\/2905\/revisions\/6313"}],"wp:featuredmedia":[{"embeddable":true,"href":"https:\/\/ceas.org.pe\/index.php\/wp-json\/wp\/v2\/media\/7946"}],"wp:attachment":[{"href":"https:\/\/ceas.org.pe\/index.php\/wp-json\/wp\/v2\/media?parent=2905"}],"wp:term":[{"taxonomy":"category","embeddable":true,"href":"https:\/\/ceas.org.pe\/index.php\/wp-json\/wp\/v2\/categories?post=2905"},{"taxonomy":"post_tag","embeddable":true,"href":"https:\/\/ceas.org.pe\/index.php\/wp-json\/wp\/v2\/tags?post=2905"}],"curies":[{"name":"wp","href":"https:\/\/api.w.org\/{rel}","templated":true}]}}