{"id":2904,"date":"2016-08-18T18:21:01","date_gmt":"2016-08-18T18:21:01","guid":{"rendered":""},"modified":"2026-03-11T09:12:01","modified_gmt":"2026-03-11T14:12:01","slug":"papa-francisco-regresaro-en-septiembre-a-la-tierra-de-san-francisco-de-asos","status":"publish","type":"post","link":"https:\/\/ceas.org.pe\/index.php\/2016\/08\/18\/papa-francisco-regresaro-en-septiembre-a-la-tierra-de-san-francisco-de-asos\/","title":{"rendered":"Papa Francisco regresar\u00f3 en septiembre a la tierra de San Francisco de As\u00f3s"},"content":{"rendered":"<div>Dos actividades entre fines de agosto y septiembre se han a\u00f1adido a la agenda del Papa Francisco para las pr\u00f3ximas semanas. Una es el discurso que dar\u00e1 el 31 de agosto en la Feria de Roma a cardi\u00f3logos de todo el mundo y la otra es una nueva visita a la localidad de As\u00eds.<\/div>\n<div>\u00a0<\/div>\n<div>El mi\u00e9rcoles 31 de agosto a las 12:15 del d\u00eda, el Papa Francisco dar\u00e1 un discurso a m\u00e9dicos de 144 pa\u00edses reunidos en el ESC Congress 2016, que por primera vez se realiza en la capital italiana y es organizado por la Sociedad Europea de Cardiolog\u00eda.<\/div>\n<div>\u00a0<\/div>\n<div>\u201cLa visita del Papa Francisco es un acontecimiento que me emociona en lo profundo\u201d, expres\u00f3 Pietro Piccinetti, administrador de la Feria de Roma.<\/div>\n<div>\u00a0<\/div>\n<div>Asimismo, el 20 de septiembre el Pont\u00edfice estar\u00e1 nuevamente en la localidad italiana de As\u00eds \u2013luego de su visita del 4 de agosto\u2013 para participar en la clausura de la Jornada Mundial de Oraci\u00f3n por la Paz que promueve la Comunidad de San Egidio, en colaboraci\u00f3n con las familias franciscanas, la di\u00f3cesis local, entre otros.<\/div>\n<div>\u00a0<\/div>\n<div>Ese d\u00eda tambi\u00e9n estar\u00e1n presentes el Presidente de Italia, Sergio Mattarella, el rector de la universidad isl\u00e1mica de al-Azhar (Egipto); el Patriarca Ecum\u00e9nico de Constantinopla, Bartolome I; y el Arzobispo de Canterbury y l\u00edder de la Iglesia anglicana, Justin Welby.<\/div>\n<div>As\u00ed, ambas actividades se suman a otras ya programadas, como son la canonizaci\u00f3n de la Madre Teresa de Calcuta el 4 de septiembre y el viaje apost\u00f3lico a Georgia y Azerbaiy\u00e1n del 30 de septiembre al 2 de octubre.<\/div>\n<div>\u00a0<\/div>\n<div>Fuente: noticiasdelvaticanomx.blogspot.pe<\/div>\n<p><a href=\"http:\/\/web.hilo.org.pe\/wp-content\/uploads\/PapaFranciscoAsis.jpg\" target=\"_blank\" rel=\"noopener\">Ver archivo adjunto<\/a><\/p>\n","protected":false},"excerpt":{"rendered":"<p>Dos actividades entre fines de agosto y septiembre se han a?adido a la agenda del Papa Francisco para las pr?ximas semanas. Una es el discurso que dar? el 31 de agosto en la Feria de Roma a cardi?logos de todo el mundo y la otra es una nueva visita a la localidad de As?s.<\/p>\n","protected":false},"author":1,"featured_media":7855,"comment_status":"closed","ping_status":"closed","sticky":false,"template":"","format":"standard","meta":{"footnotes":""},"categories":[9],"tags":[],"class_list":["post-2904","post","type-post","status-publish","format-standard","has-post-thumbnail","hentry","category-noticias"],"_links":{"self":[{"href":"https:\/\/ceas.org.pe\/index.php\/wp-json\/wp\/v2\/posts\/2904","targetHints":{"allow":["GET"]}}],"collection":[{"href":"https:\/\/ceas.org.pe\/index.php\/wp-json\/wp\/v2\/posts"}],"about":[{"href":"https:\/\/ceas.org.pe\/index.php\/wp-json\/wp\/v2\/types\/post"}],"author":[{"embeddable":true,"href":"https:\/\/ceas.org.pe\/index.php\/wp-json\/wp\/v2\/users\/1"}],"replies":[{"embeddable":true,"href":"https:\/\/ceas.org.pe\/index.php\/wp-json\/wp\/v2\/comments?post=2904"}],"version-history":[{"count":1,"href":"https:\/\/ceas.org.pe\/index.php\/wp-json\/wp\/v2\/posts\/2904\/revisions"}],"predecessor-version":[{"id":6314,"href":"https:\/\/ceas.org.pe\/index.php\/wp-json\/wp\/v2\/posts\/2904\/revisions\/6314"}],"wp:featuredmedia":[{"embeddable":true,"href":"https:\/\/ceas.org.pe\/index.php\/wp-json\/wp\/v2\/media\/7855"}],"wp:attachment":[{"href":"https:\/\/ceas.org.pe\/index.php\/wp-json\/wp\/v2\/media?parent=2904"}],"wp:term":[{"taxonomy":"category","embeddable":true,"href":"https:\/\/ceas.org.pe\/index.php\/wp-json\/wp\/v2\/categories?post=2904"},{"taxonomy":"post_tag","embeddable":true,"href":"https:\/\/ceas.org.pe\/index.php\/wp-json\/wp\/v2\/tags?post=2904"}],"curies":[{"name":"wp","href":"https:\/\/api.w.org\/{rel}","templated":true}]}}