{"id":2902,"date":"2016-08-17T10:25:43","date_gmt":"2016-08-17T10:25:43","guid":{"rendered":""},"modified":"2026-03-11T09:12:01","modified_gmt":"2026-03-11T14:12:01","slug":"arquidiocesis-de-arequipa-inicia-campaoa-de-apoyo-a-afectados-en-caylloma","status":"publish","type":"post","link":"https:\/\/ceas.org.pe\/index.php\/2016\/08\/17\/arquidiocesis-de-arequipa-inicia-campaoa-de-apoyo-a-afectados-en-caylloma\/","title":{"rendered":"Arquidi\u00f3cesis de Arequipa inicia campa\u00f3a de apoyo a afectados en Caylloma"},"content":{"rendered":"<p>A trav\u00e9s de C\u00e1ritas, la Arquidi\u00f3cesis de Arequipa (Per\u00fa), inici\u00f3 una campa\u00f1a de recolecci\u00f3n de alimentos, medicina y ropa de abrigo para atender a los damnificados del sismo del domingo 15 de 5.2 grados, que dej\u00f3 4 muertos y m\u00e1s de 60 heridos en la provincia de Caylloma.<\/p>\n<div>\u00a0<\/div>\n<div>Seg\u00fan el Instituto de Defensa Civil (INDECI), hasta el momento hay 605 viviendas destruidas y 648 declaradas inhabitables, afectando en total a 1.253 familias. Adem\u00e1s fueron afectados 4 colegios, 7 templos, un local p\u00fablico, carreteras y canales de regad\u00edo.<\/div>\n<div>\u00a0<\/div>\n<div>\u201cSabemos sobre los da\u00f1os estructurales que han sufrido varios de los templos, pero ya estaremos evaluando el tema de la reconstrucci\u00f3n, ahora estamos priorizando la ayuda a las personas del lugar que est\u00e1n pasando por varias penurias\u201d, inform\u00f3 Mons. Javier del R\u00edo, Arzobispo de Arequipa.<\/div>\n<div>\u00a0<\/div>\n<div>En ese sentido, C\u00e9sar Arriaga, secretario ejecutivo de C\u00e1ritas Arequipa, inform\u00f3 que la ayuda recolectada se llevar\u00e1 hacia la provincia de Caylloma el viernes 19 de agosto. La ayuda consiste en 10 toneladas de alimentos y ropa de abrigo y medicinas. Principalmente se apoyar\u00e1 a las poblaciones de Llanque, Achoma e Ichupampa.<\/div>\n<div>\u00a0<\/div>\n<div>Asimismo, los sacerdotes est\u00e1n trabajando tambi\u00e9n en la atenci\u00f3n de los damnificados.<\/div>\n<div>\u00a0<\/div>\n<div>Sobre los templos afectados, el P. Marcos Alarc\u00f3n, responsable del Decanato 1, indic\u00f3 que el edificio m\u00e1s afectado es la Iglesia de Ichupampa, cuyas torres y techo se han derrumbado.<\/div>\n<div>\u00a0<\/div>\n<div>\u201cEl templo de Chivay tiene afectadas sus dos torres as\u00ed como el de Canocota. Luego los templos de Lari, Madrigal y Tuti, tienen rajaduras en la nave central, mientras que los templos de Achoma y Yanque, adem\u00e1s de las rajaduras tambi\u00e9n tiene da\u00f1os las torres\u201d, inform\u00f3.<\/div>\n<div>\u00a0<\/div>\n<div>El sacerdote se\u00f1al\u00f3 que por ser estos templos Patrimonio Cultural de la Naci\u00f3n, es el Ministerio de Cultura el que deber\u00e1 pronunciarse sobre los trabajos de reconstrucci\u00f3n. aci imagen referencial.<\/div>\n<div>\u00a0<\/div>\n<div>Fuente: perucatolico.com<\/div>\n<p><a href=\"http:\/\/web.hilo.org.pe\/wp-content\/uploads\/Damnificadosporsismo.jpg\" target=\"_blank\" rel=\"noopener\">Ver archivo adjunto<\/a><\/p>\n","protected":false},"excerpt":{"rendered":"<p>A trav?s de C?ritas, la Arquidi?cesis de Arequipa (Per?), inici? una campa?a de recolecci?n de alimentos, medicina y ropa de abrigo para atender a los damnificados del sismo del domingo 15 de 5.2 grados, que dej? 4 muertos y m?s de 60 heridos en la provincia de Caylloma.<\/p>\n","protected":false},"author":1,"featured_media":7972,"comment_status":"closed","ping_status":"closed","sticky":false,"template":"","format":"standard","meta":{"footnotes":""},"categories":[9],"tags":[],"class_list":["post-2902","post","type-post","status-publish","format-standard","has-post-thumbnail","hentry","category-noticias"],"_links":{"self":[{"href":"https:\/\/ceas.org.pe\/index.php\/wp-json\/wp\/v2\/posts\/2902","targetHints":{"allow":["GET"]}}],"collection":[{"href":"https:\/\/ceas.org.pe\/index.php\/wp-json\/wp\/v2\/posts"}],"about":[{"href":"https:\/\/ceas.org.pe\/index.php\/wp-json\/wp\/v2\/types\/post"}],"author":[{"embeddable":true,"href":"https:\/\/ceas.org.pe\/index.php\/wp-json\/wp\/v2\/users\/1"}],"replies":[{"embeddable":true,"href":"https:\/\/ceas.org.pe\/index.php\/wp-json\/wp\/v2\/comments?post=2902"}],"version-history":[{"count":1,"href":"https:\/\/ceas.org.pe\/index.php\/wp-json\/wp\/v2\/posts\/2902\/revisions"}],"predecessor-version":[{"id":6316,"href":"https:\/\/ceas.org.pe\/index.php\/wp-json\/wp\/v2\/posts\/2902\/revisions\/6316"}],"wp:featuredmedia":[{"embeddable":true,"href":"https:\/\/ceas.org.pe\/index.php\/wp-json\/wp\/v2\/media\/7972"}],"wp:attachment":[{"href":"https:\/\/ceas.org.pe\/index.php\/wp-json\/wp\/v2\/media?parent=2902"}],"wp:term":[{"taxonomy":"category","embeddable":true,"href":"https:\/\/ceas.org.pe\/index.php\/wp-json\/wp\/v2\/categories?post=2902"},{"taxonomy":"post_tag","embeddable":true,"href":"https:\/\/ceas.org.pe\/index.php\/wp-json\/wp\/v2\/tags?post=2902"}],"curies":[{"name":"wp","href":"https:\/\/api.w.org\/{rel}","templated":true}]}}