{"id":2900,"date":"2016-08-16T11:21:00","date_gmt":"2016-08-16T11:21:00","guid":{"rendered":""},"modified":"2026-03-11T09:12:01","modified_gmt":"2026-03-11T14:12:01","slug":"comunicadores-indogenas-del-pero-y-sudamorica-se-reunieron-en-lima","status":"publish","type":"post","link":"https:\/\/ceas.org.pe\/index.php\/2016\/08\/16\/comunicadores-indogenas-del-pero-y-sudamorica-se-reunieron-en-lima\/","title":{"rendered":"Comunicadores ind\u00f3genas del Per\u00f3 y Sudam\u00f3rica se reunieron en Lima"},"content":{"rendered":"<p>La comunicaci\u00f3n ind\u00edgena puede posicionarse como una herramienta de acci\u00f3n pol\u00edtica si m\u00e1s personas se atreven a conquistar espacios y motivan a la ciudadan\u00eda en general a exigir pol\u00edticas p\u00fablicas de promoci\u00f3n de nuevos medios comunitarios. As\u00ed lo expresaron los panelistas de la \u201cIV Jornada de Comunicaci\u00f3n y Democracia &#8211; Precumbre de Comunicaci\u00f3n Ind\u00edgena\u201d, quienes se reunieron, durante tres d\u00edas, en el auditorio de la Ruiz de Montoya para dialogar al respecto. El evento congreg\u00f3 a cerca de cien comunicadores ind\u00edgenas del Per\u00fa y otros pa\u00edses de la regi\u00f3n.<\/p>\n<div>\u00a0<\/div>\n<div>El encuentro fue organizado por el Comit\u00e9 Promotor de la Escuela de Comunicaci\u00f3n Ind\u00edgena e Intercultural. Tuvo como objetivo ser un espacio de reflexi\u00f3n, di\u00e1logo intercultural y de propuesta, desde la comunicaci\u00f3n, para identificar los aspectos claves a considerar en la pr\u00f3xima III Cumbre Continental de Comunicaci\u00f3n Ind\u00edgena del Abya Yala, que se realizar\u00e1 en Bolivia, con miras a la construcci\u00f3n de un enfoque continental de comunicaci\u00f3n.<\/div>\n<div>\u00a0<\/div>\n<div>Participaron como panelistas Sandra Cossio, de la Comisi\u00f3n organizadora de la III Cumbre Continental de Comunicaci\u00f3n Ind\u00edgena del Abya Yala; Franklin Guti\u00e9rrez, del Centro de Formaci\u00f3n y Realizaci\u00f3n Cinematogr\u00e1fica (CEFREC) de Bolivia, Dora Mu\u00f1oz, de la Universidad Aut\u00f3noma Ind\u00edgena e Intercultural (UAIIN) de Colombia y Jorge Agurto, director de Servindi de Per\u00fa.<\/div>\n<div>\u00a0<\/div>\n<div>\u201cAtreverse a pensar es empezar a luchar. La comunicaci\u00f3n es la relaci\u00f3n natural con la madre tierra\u201d, expres\u00f3 Dora Mu\u00f1oz de la Universidad Aut\u00f3noma Ind\u00edgena Intercultural (Colombia). Asimismo, Por su parte, Sandra Cossio, representante del Directorio de la Coordinadora Audiovisual Ind\u00edgena Originaria de Bolivia (CAIB) y del Comit\u00e9 Nacional de Organizaci\u00f3n de la III Cumbre se\u00f1al\u00f3 que no es f\u00e1cil ser comunicador ind\u00edgena y destac\u00f3 la importancia de espacios de encuentros como estos que visibilizan a los comunicadores ind\u00edgenas.<\/div>\n<div>\u00a0<\/div>\n<div>Jorge Agurto, director de Servindi de Per\u00fa, alert\u00f3 que el desarrollo de la comunicaci\u00f3n comunitaria enfrenta diversas limitaciones. \u201cEn el Per\u00fa no hay ninguna voluntad de promover los medios comunitarios. Solamente hay un medio comunitario en el Per\u00fa con licencia, en m\u00e1s de 10 a\u00f1os de vigencia de la ley de radio y televisi\u00f3n\u201d. De igual forma, resalt\u00f3 que en el Per\u00fa nos encontramos en una lucha en torno a las pol\u00edticas p\u00fablicas en comunicaci\u00f3n.<\/div>\n<div>\u00a0<\/div>\n<div>La III Cumbre Continental de Comunicaci\u00f3n Ind\u00edgena del Abya Yala ser\u00e1 dedicada al tema de Formaci\u00f3n y busca hacer realidad el proyecto de una Escuela Itinerante de Comunicaci\u00f3n Ind\u00edgena a nivel continental. La Escuela de Periodismo de la Ruiz se suma al compromiso de marcar una ruta de trabajo que gu\u00ede el proceso de la comunicaci\u00f3n ind\u00edgena en el continente.\u00a0<\/div>\n<div>\u00a0<\/div>\n<div>Fuente: uarm.edu.pe<\/div>\n<p><a href=\"http:\/\/web.hilo.org.pe\/wp-content\/uploads\/Comunicadoresindigenas.png\" target=\"_blank\" rel=\"noopener\">Ver archivo adjunto<\/a><\/p>\n","protected":false},"excerpt":{"rendered":"<p>La comunicaci?n ind?gena puede posicionarse como una herramienta de acci?n pol?tica si m?s personas se atreven a conquistar espacios y motivan a la ciudadan?a en general a exigir pol?ticas p?blicas de promoci?n de nuevos medios comunitarios.<\/p>\n","protected":false},"author":1,"featured_media":8057,"comment_status":"closed","ping_status":"closed","sticky":false,"template":"","format":"standard","meta":{"footnotes":""},"categories":[9],"tags":[],"class_list":["post-2900","post","type-post","status-publish","format-standard","has-post-thumbnail","hentry","category-noticias"],"_links":{"self":[{"href":"https:\/\/ceas.org.pe\/index.php\/wp-json\/wp\/v2\/posts\/2900","targetHints":{"allow":["GET"]}}],"collection":[{"href":"https:\/\/ceas.org.pe\/index.php\/wp-json\/wp\/v2\/posts"}],"about":[{"href":"https:\/\/ceas.org.pe\/index.php\/wp-json\/wp\/v2\/types\/post"}],"author":[{"embeddable":true,"href":"https:\/\/ceas.org.pe\/index.php\/wp-json\/wp\/v2\/users\/1"}],"replies":[{"embeddable":true,"href":"https:\/\/ceas.org.pe\/index.php\/wp-json\/wp\/v2\/comments?post=2900"}],"version-history":[{"count":1,"href":"https:\/\/ceas.org.pe\/index.php\/wp-json\/wp\/v2\/posts\/2900\/revisions"}],"predecessor-version":[{"id":6318,"href":"https:\/\/ceas.org.pe\/index.php\/wp-json\/wp\/v2\/posts\/2900\/revisions\/6318"}],"wp:featuredmedia":[{"embeddable":true,"href":"https:\/\/ceas.org.pe\/index.php\/wp-json\/wp\/v2\/media\/8057"}],"wp:attachment":[{"href":"https:\/\/ceas.org.pe\/index.php\/wp-json\/wp\/v2\/media?parent=2900"}],"wp:term":[{"taxonomy":"category","embeddable":true,"href":"https:\/\/ceas.org.pe\/index.php\/wp-json\/wp\/v2\/categories?post=2900"},{"taxonomy":"post_tag","embeddable":true,"href":"https:\/\/ceas.org.pe\/index.php\/wp-json\/wp\/v2\/tags?post=2900"}],"curies":[{"name":"wp","href":"https:\/\/api.w.org\/{rel}","templated":true}]}}