{"id":2899,"date":"2016-08-15T13:19:00","date_gmt":"2016-08-15T13:19:00","guid":{"rendered":""},"modified":"2026-03-11T09:12:01","modified_gmt":"2026-03-11T14:12:01","slug":"diocesis-de-chiclayo-fue-sede-de-foro-poblico-sobre-cuidado-de-casa-comon","status":"publish","type":"post","link":"https:\/\/ceas.org.pe\/index.php\/2016\/08\/15\/diocesis-de-chiclayo-fue-sede-de-foro-poblico-sobre-cuidado-de-casa-comon\/","title":{"rendered":"Di\u00f3cesis de Chiclayo fue sede de foro p\u00f3blico sobre cuidado de Casa Com\u00f3n"},"content":{"rendered":"<div>Con el prop\u00f3sito de renovar y relanzar el compromiso con el cuidado de la Casa Com\u00fan, que pide la Enc\u00edclica Laudato Si\u2019, se realiz\u00f3 el foro p\u00fablico: \u201cCuidado del Ambiente: desaf\u00edos y compromisos para la sociedad y la Iglesia\u201d organizado por la Pastoral Social de la Conferencia Episcopal Peruana y la Di\u00f3cesis de Chiclayo.\u00a0<\/div>\n<div>\u00a0<\/div>\n<div>La actividad cont\u00f3 con la participaci\u00f3n de m\u00e1s de 200 personas de diferentes sectores de la regi\u00f3n norte del pa\u00eds, tanto p\u00fablico y privada, as\u00ed como representantes de la Iglesia Cat\u00f3lica, sociedad civil y laicos interesados y comprometidos por cuidar el medio ambiente.\u00a0<\/div>\n<div>\u00a0<\/div>\n<div>Como principal expositor estuvo el Vicario General de la Di\u00f3cesis de Chiclayo, el Padre Ricardo Guerrero, quien dio a conocer la importancia de la Enc\u00edclica Laudato Si\u2019, la cual desde su creaci\u00f3n, se ha convertido en uno de los documentos m\u00e1s importantes, discutidos, analizados, ponderados y convocantes de la Iglesia Cat\u00f3lica para el cuidado de la casa com\u00fan.\u00a0<\/div>\n<div>\u00a0<\/div>\n<div>Por su parte, Laura Vargas, Responsable del Programa de la Doctrina Social de la Comisi\u00f3n Episcopal de Acci\u00f3n Social, explic\u00f3 que esta enc\u00edclica es un llamado a la conciencia y que es la \u00fanica dirigida a quien la quiera leer. \u201cTenemos que darnos cuenta que lo que estamos viviendo no es cualquier problema, es un problema que nos desaf\u00eda radicalmente a repensar, nuestra manera de ser, de actuar, no podemos seguir irresponsablemente contaminando nuestra pobre Madre Tierra\u201d, dijo.<\/div>\n<div>\u00a0<\/div>\n<div>Al concluir el evento, el Secretario Ejecutivo de CEAS, Humberto Ortiz Roca, ofreci\u00f3 una s\u00edntesis sobre lo conversado y destac\u00f3 \u201cla necesidad del intercambio de experiencias y tener como objetivo final la dignidad humana y el cuidado del planeta\u201d.\u00a0<\/div>\n<div>\u00a0<\/div>\n<div>Este foro se realiz\u00f3 dentro del marco del Primer Encuentro Regional de Pastoral Social \u2013 Laudato Si\u2019, el cual es el primero de cinco que se realizar\u00e1n en otras regiones del pa\u00eds para crear conciencia y motivar cambios profundos en nuestros estilos de vida, en nuestra espiritualidad y en nuestra manera de actuar, para as\u00ed contribuir al cuidado de nuestra casa com\u00fan. (Tomado de Prensa-CEP)<\/div>\n<div>\u00a0<\/div>\n<p><a href=\"http:\/\/web.hilo.org.pe\/wp-content\/uploads\/20160815_FORO PuBLICO SOBRE EL CUIDADO DEL MEDIO AMBIENTE.jpg\" target=\"_blank\" rel=\"noopener\">Ver archivo adjunto<\/a><\/p>\n","protected":false},"excerpt":{"rendered":"<p>Con el prop?sito de renovar y relanzar el compromiso con el cuidado de la Casa Com?n, que pide la Enc?clica Laudato Si?, se realiz? el foro p?blico: ?Cuidado del Ambiente: desaf?os y compromisos para la sociedad y la Iglesia? organizado por la Pastoral Social de la Conferencia Episcopal Peruana y la Di?cesis de Chiclayo.<\/p>\n","protected":false},"author":1,"featured_media":7961,"comment_status":"closed","ping_status":"closed","sticky":false,"template":"","format":"standard","meta":{"footnotes":""},"categories":[9],"tags":[],"class_list":["post-2899","post","type-post","status-publish","format-standard","has-post-thumbnail","hentry","category-noticias"],"_links":{"self":[{"href":"https:\/\/ceas.org.pe\/index.php\/wp-json\/wp\/v2\/posts\/2899","targetHints":{"allow":["GET"]}}],"collection":[{"href":"https:\/\/ceas.org.pe\/index.php\/wp-json\/wp\/v2\/posts"}],"about":[{"href":"https:\/\/ceas.org.pe\/index.php\/wp-json\/wp\/v2\/types\/post"}],"author":[{"embeddable":true,"href":"https:\/\/ceas.org.pe\/index.php\/wp-json\/wp\/v2\/users\/1"}],"replies":[{"embeddable":true,"href":"https:\/\/ceas.org.pe\/index.php\/wp-json\/wp\/v2\/comments?post=2899"}],"version-history":[{"count":1,"href":"https:\/\/ceas.org.pe\/index.php\/wp-json\/wp\/v2\/posts\/2899\/revisions"}],"predecessor-version":[{"id":6319,"href":"https:\/\/ceas.org.pe\/index.php\/wp-json\/wp\/v2\/posts\/2899\/revisions\/6319"}],"wp:featuredmedia":[{"embeddable":true,"href":"https:\/\/ceas.org.pe\/index.php\/wp-json\/wp\/v2\/media\/7961"}],"wp:attachment":[{"href":"https:\/\/ceas.org.pe\/index.php\/wp-json\/wp\/v2\/media?parent=2899"}],"wp:term":[{"taxonomy":"category","embeddable":true,"href":"https:\/\/ceas.org.pe\/index.php\/wp-json\/wp\/v2\/categories?post=2899"},{"taxonomy":"post_tag","embeddable":true,"href":"https:\/\/ceas.org.pe\/index.php\/wp-json\/wp\/v2\/tags?post=2899"}],"curies":[{"name":"wp","href":"https:\/\/api.w.org\/{rel}","templated":true}]}}