{"id":2898,"date":"2016-08-12T17:12:47","date_gmt":"2016-08-12T17:12:47","guid":{"rendered":""},"modified":"2026-03-11T09:12:01","modified_gmt":"2026-03-11T14:12:01","slug":"cusco-templo-de-san-lorenzo-de-colcha-fue-declarado-patromonio-cultural-de-la-nacion","status":"publish","type":"post","link":"https:\/\/ceas.org.pe\/index.php\/2016\/08\/12\/cusco-templo-de-san-lorenzo-de-colcha-fue-declarado-patromonio-cultural-de-la-nacion\/","title":{"rendered":"Cusco: templo de San Lorenzo de Colcha fue declarado Patromonio Cultural de la Naci\u00f3n"},"content":{"rendered":"<p>En emotiva ceremonia, ayer en el Templo de San Lorenzo de la comunidad del mismo nombre del distrito de Colcha; la Direcci\u00f3n Desconcentrada de Cultura Cusco desarroll\u00f3 la ceremonia de reconocimiento como Patrimonio Cultural de la Naci\u00f3n a este recinto religioso, que data del siglo XVII.<\/p>\n<div>\u00a0<\/div>\n<div>Esta ceremonia protocolar inici\u00f3 con la celebraci\u00f3n de la Santa Misa de Fiesta en Honor a San Lorenzo, presidida por Mons. Fredi Aparicio Quispe, Vicario General de la Arquidi\u00f3cesis del Cusco, en la que participaron: los funcionarios de la Direcci\u00f3n Desconcentrada de Cultura Cusco, el alcalde de la Municipalidad Distrital de Colcha y regidores, as\u00ed como el presidente de la Comunidad de San Lorenzo, comparsas de danzarines y feligres\u00eda en general.<\/div>\n<div>\u00a0<\/div>\n<div>Durante su homil\u00eda, Mons. Aparicio Quispe, dirigi\u00e9ndose al pueblo de San Lorenzo, manifest\u00f3 que deben trabajar de manera unida por el bienestar de la poblaci\u00f3n y crecer juntos como una semilla, comprometi\u00e9ndose en primer lugar con la familia, la esposa, los hijos y la sociedad, cumpliendo de manera correcta con el rol que les toca desempe\u00f1ar. Asimismo, aprovech\u00f3 la oportunidad para agradecer a la entidad de cultura por este reconocimiento, pues dijo que a partir de esta ceremonia se inicia un largo camino de trabajo coordinado entre la Iglesia y esta instituci\u00f3n del estado.. (Fuente: Facebook Arzobispado de Cusco)<\/div>\n<div>\u00a0<\/div>\n<p><a href=\"http:\/\/web.hilo.org.pe\/wp-content\/uploads\/Templodesanlorenzo.jpg\" target=\"_blank\" rel=\"noopener\">Ver archivo adjunto<\/a><\/p>\n","protected":false},"excerpt":{"rendered":"<p>En emotiva ceremonia, ayer en el Templo de San Lorenzo de la comunidad del mismo nombre del distrito de Colcha; la Direcci?n Desconcentrada de Cultura Cusco desarroll? la ceremonia de reconocimiento como Patrimonio Cultural de la Naci?n a este recinto religioso, que data del siglo XVII.<\/p>\n","protected":false},"author":1,"featured_media":7876,"comment_status":"closed","ping_status":"closed","sticky":false,"template":"","format":"standard","meta":{"footnotes":""},"categories":[9],"tags":[],"class_list":["post-2898","post","type-post","status-publish","format-standard","has-post-thumbnail","hentry","category-noticias"],"_links":{"self":[{"href":"https:\/\/ceas.org.pe\/index.php\/wp-json\/wp\/v2\/posts\/2898","targetHints":{"allow":["GET"]}}],"collection":[{"href":"https:\/\/ceas.org.pe\/index.php\/wp-json\/wp\/v2\/posts"}],"about":[{"href":"https:\/\/ceas.org.pe\/index.php\/wp-json\/wp\/v2\/types\/post"}],"author":[{"embeddable":true,"href":"https:\/\/ceas.org.pe\/index.php\/wp-json\/wp\/v2\/users\/1"}],"replies":[{"embeddable":true,"href":"https:\/\/ceas.org.pe\/index.php\/wp-json\/wp\/v2\/comments?post=2898"}],"version-history":[{"count":1,"href":"https:\/\/ceas.org.pe\/index.php\/wp-json\/wp\/v2\/posts\/2898\/revisions"}],"predecessor-version":[{"id":6320,"href":"https:\/\/ceas.org.pe\/index.php\/wp-json\/wp\/v2\/posts\/2898\/revisions\/6320"}],"wp:featuredmedia":[{"embeddable":true,"href":"https:\/\/ceas.org.pe\/index.php\/wp-json\/wp\/v2\/media\/7876"}],"wp:attachment":[{"href":"https:\/\/ceas.org.pe\/index.php\/wp-json\/wp\/v2\/media?parent=2898"}],"wp:term":[{"taxonomy":"category","embeddable":true,"href":"https:\/\/ceas.org.pe\/index.php\/wp-json\/wp\/v2\/categories?post=2898"},{"taxonomy":"post_tag","embeddable":true,"href":"https:\/\/ceas.org.pe\/index.php\/wp-json\/wp\/v2\/tags?post=2898"}],"curies":[{"name":"wp","href":"https:\/\/api.w.org\/{rel}","templated":true}]}}