{"id":2897,"date":"2016-08-12T13:14:08","date_gmt":"2016-08-12T13:14:08","guid":{"rendered":""},"modified":"2026-03-11T09:12:01","modified_gmt":"2026-03-11T14:12:01","slug":"emiten-la-medalla-oficial-del-cuarto-aoo-de-pontificado-del-papa-francisco","status":"publish","type":"post","link":"https:\/\/ceas.org.pe\/index.php\/2016\/08\/12\/emiten-la-medalla-oficial-del-cuarto-aoo-de-pontificado-del-papa-francisco\/","title":{"rendered":"Emiten la medalla oficial del cuarto a\u00f3o de pontificado del Papa Francisco"},"content":{"rendered":"<p>Desde el mi\u00e9rcoles 10 de agosto est\u00e1 a la venta la medalla oficial anual del cuarto a\u00f1o de pontificado del papa Francisco. La obra presenta, por un lado, el escudo del papa Francisco; y por el otro, el abrazo, s\u00edmbolo de perd\u00f3n, alegr\u00eda y acogida rec\u00edproca, con la inscripci\u00f3n alrededor: Beati misericordes quia ipsi misericordiam consequentur del Evangelio de Mateo (5, 7).<\/p>\n<div>\u00a0<\/div>\n<div>La inscripci\u00f3n dmi mmXVI (diei mundialis iuventutis) se refiere a la XXXI Jornada Mundial de la Juventud, que se celebr\u00f3 en Cracovia del 26 al 31 del pasado mes de julio, y a la cual hace referencia la citaci\u00f3n evang\u00e9lica representada en el tema.<\/div>\n<div>\u00a0<\/div>\n<div>\u00a0La autora de la medalla es Carmen Testa, nacida en la regi\u00f3n italiana de Campobasso, en 1985, tal y como informa una nota publicada en el Osservatore Romano.<\/div>\n<div>\u00a0<\/div>\n<div>La medalla se puede adquirir en la Administraci\u00f3n del patrimonio de la Sede Apost\u00f3lica (Apsa) y en los tres puntos de venta de la Librer\u00eda Editrice Vaticana, como tambi\u00e9n en la tienda de la oficina filat\u00e9lica y numism\u00e1tica del Governatorato del Estado de la Ciudad del Vaticano.<\/div>\n<div>\u00a0<\/div>\n<div>Fuente: zenit.org<\/div>\n<p><a href=\"http:\/\/web.hilo.org.pe\/wp-content\/uploads\/Escudo-Papa-Francisco.jpg\" target=\"_blank\" rel=\"noopener\">Ver archivo adjunto<\/a><\/p>\n","protected":false},"excerpt":{"rendered":"<p>Desde el mi?rcoles 10 de agosto est? a la venta la medalla oficial anual del cuarto a?o de pontificado del papa Francisco. La obra presenta, por un lado, el escudo del papa Francisco; y por el otro, el abrazo, s?mbolo de perd?n, alegr?a y acogida rec?proca, con la inscripci?n alrededor: Beati misericordes quia ipsi misericordiam consequentur del Evangelio de Mateo (5, 7).<\/p>\n","protected":false},"author":1,"featured_media":7855,"comment_status":"closed","ping_status":"closed","sticky":false,"template":"","format":"standard","meta":{"footnotes":""},"categories":[9],"tags":[],"class_list":["post-2897","post","type-post","status-publish","format-standard","has-post-thumbnail","hentry","category-noticias"],"_links":{"self":[{"href":"https:\/\/ceas.org.pe\/index.php\/wp-json\/wp\/v2\/posts\/2897","targetHints":{"allow":["GET"]}}],"collection":[{"href":"https:\/\/ceas.org.pe\/index.php\/wp-json\/wp\/v2\/posts"}],"about":[{"href":"https:\/\/ceas.org.pe\/index.php\/wp-json\/wp\/v2\/types\/post"}],"author":[{"embeddable":true,"href":"https:\/\/ceas.org.pe\/index.php\/wp-json\/wp\/v2\/users\/1"}],"replies":[{"embeddable":true,"href":"https:\/\/ceas.org.pe\/index.php\/wp-json\/wp\/v2\/comments?post=2897"}],"version-history":[{"count":1,"href":"https:\/\/ceas.org.pe\/index.php\/wp-json\/wp\/v2\/posts\/2897\/revisions"}],"predecessor-version":[{"id":6321,"href":"https:\/\/ceas.org.pe\/index.php\/wp-json\/wp\/v2\/posts\/2897\/revisions\/6321"}],"wp:featuredmedia":[{"embeddable":true,"href":"https:\/\/ceas.org.pe\/index.php\/wp-json\/wp\/v2\/media\/7855"}],"wp:attachment":[{"href":"https:\/\/ceas.org.pe\/index.php\/wp-json\/wp\/v2\/media?parent=2897"}],"wp:term":[{"taxonomy":"category","embeddable":true,"href":"https:\/\/ceas.org.pe\/index.php\/wp-json\/wp\/v2\/categories?post=2897"},{"taxonomy":"post_tag","embeddable":true,"href":"https:\/\/ceas.org.pe\/index.php\/wp-json\/wp\/v2\/tags?post=2897"}],"curies":[{"name":"wp","href":"https:\/\/api.w.org\/{rel}","templated":true}]}}