{"id":2896,"date":"2016-08-11T14:06:41","date_gmt":"2016-08-11T14:06:41","guid":{"rendered":""},"modified":"2026-03-11T09:12:01","modified_gmt":"2026-03-11T14:12:01","slug":"franciscus-supero-los-dos-millones-de-seguidores-en-instagram","status":"publish","type":"post","link":"https:\/\/ceas.org.pe\/index.php\/2016\/08\/11\/franciscus-supero-los-dos-millones-de-seguidores-en-instagram\/","title":{"rendered":"Franciscus super\u00f3 los dos millones de seguidores en Instagram"},"content":{"rendered":"<p>El Papa Francisco ha superado los dos millones de seguidores en Instagram, red social en la que estren\u00f3 cuenta el pasado 19 de marzo bajo el nombre \u2018Franciscus\u2018 y en la que ya ha publicado 14 fotograf\u00edas y dos v\u00eddeos. Concretamente, el Pont\u00edfice cuenta con m\u00e1s de 2,1 millones de \u2018followers\u2019 y cada publicaci\u00f3n suma entre 150.000 y 300.000 corazones, el equivalente a \u2018me gusta\u2019 y una media de entre 2.000 y 4.000 comentarios.<\/p>\n<div>\u00a0<\/div>\n<div>La primera fotograf\u00eda del Servicio fotogr\u00e1fico del Osservatore Romano, en la que se observa al Papa rezando en un reclinatorio, alcanz\u00f3 313.000 \u2018likes\u2019 y 34.000 comentarios. Despu\u00e9s de esta, ha subido otras im\u00e1genes con una palma en el Domingo de Ramos, besando los pies de un hombre musulm\u00e1n el Jueves Santo, en el Viacrucis o celebrando una misa, entre otras.<\/div>\n<div>\u00a0<\/div>\n<div>Asimismo, el d\u00eda despu\u00e9s de los atentados de Bruselas, Francisco public\u00f3 en Instagram un v\u00eddeo de homenaje y recuerdo a las v\u00edctimas acompa\u00f1ado de un mensaje en diferentes idiomas: \u201cAseguro mi oraci\u00f3n y mi cercan\u00eda a la querida poblaci\u00f3n belga, a todos los familiares de las v\u00edctimas y a todos los heridos\u201d.<\/div>\n<div>\u00a0<\/div>\n<div>Este a\u00f1o, adem\u00e1s, el Pont\u00edfice que ya super\u00f3 los 26 millones de seguidores en Twitter; lanz\u00f3 la iniciativa \u201cel video del Papa\u201d, con la que sube un video mensual con sus intenciones de oraci\u00f3n a YouTube; y adem\u00e1s cre\u00f3 de la aplicaci\u00f3n \u201cClick to pray\u201d, disponible para celulares, en la que se emite tres reflexiones por d\u00eda para \u201cayudar a los j\u00f3venes, y a los no tan j\u00f3venes, a rezar en comuni\u00f3n con el papa Francisco\u201d.<\/div>\n<div>\u00a0<\/div>\n<div>Fuente: ForumLibertas\u00a0<\/div>\n<p><a href=\"http:\/\/web.hilo.org.pe\/wp-content\/uploads\/Papainstagram.jpg\" target=\"_blank\" rel=\"noopener\">Ver archivo adjunto<\/a><\/p>\n","protected":false},"excerpt":{"rendered":"<p>El Papa Francisco ha superado los dos millones de seguidores en Instagram, red social en la que estren? cuenta el pasado 19 de marzo bajo el nombre ?Franciscus? y en la que ya ha publicado 14 fotograf?as y dos v?deos. Concretamente, el Pont?fice cuenta con m?s de 2,1 millones de ?followers? y cada publicaci?n suma entre 150.000 y 300.000 corazones, el equivalente a ?me gusta? y una media de entre 2.000 y 4.000 comentarios.<\/p>\n","protected":false},"author":1,"featured_media":0,"comment_status":"closed","ping_status":"closed","sticky":false,"template":"","format":"standard","meta":{"footnotes":""},"categories":[9],"tags":[],"class_list":["post-2896","post","type-post","status-publish","format-standard","hentry","category-noticias"],"_links":{"self":[{"href":"https:\/\/ceas.org.pe\/index.php\/wp-json\/wp\/v2\/posts\/2896","targetHints":{"allow":["GET"]}}],"collection":[{"href":"https:\/\/ceas.org.pe\/index.php\/wp-json\/wp\/v2\/posts"}],"about":[{"href":"https:\/\/ceas.org.pe\/index.php\/wp-json\/wp\/v2\/types\/post"}],"author":[{"embeddable":true,"href":"https:\/\/ceas.org.pe\/index.php\/wp-json\/wp\/v2\/users\/1"}],"replies":[{"embeddable":true,"href":"https:\/\/ceas.org.pe\/index.php\/wp-json\/wp\/v2\/comments?post=2896"}],"version-history":[{"count":1,"href":"https:\/\/ceas.org.pe\/index.php\/wp-json\/wp\/v2\/posts\/2896\/revisions"}],"predecessor-version":[{"id":6322,"href":"https:\/\/ceas.org.pe\/index.php\/wp-json\/wp\/v2\/posts\/2896\/revisions\/6322"}],"wp:attachment":[{"href":"https:\/\/ceas.org.pe\/index.php\/wp-json\/wp\/v2\/media?parent=2896"}],"wp:term":[{"taxonomy":"category","embeddable":true,"href":"https:\/\/ceas.org.pe\/index.php\/wp-json\/wp\/v2\/categories?post=2896"},{"taxonomy":"post_tag","embeddable":true,"href":"https:\/\/ceas.org.pe\/index.php\/wp-json\/wp\/v2\/tags?post=2896"}],"curies":[{"name":"wp","href":"https:\/\/api.w.org\/{rel}","templated":true}]}}