{"id":2895,"date":"2016-08-11T13:35:21","date_gmt":"2016-08-11T13:35:21","guid":{"rendered":""},"modified":"2026-03-11T09:12:01","modified_gmt":"2026-03-11T14:12:01","slug":"ceas-apoya-proximo-conversatorio-ola-panamazonoa-retos-y-desafoos","status":"publish","type":"post","link":"https:\/\/ceas.org.pe\/index.php\/2016\/08\/11\/ceas-apoya-proximo-conversatorio-ola-panamazonoa-retos-y-desafoos\/","title":{"rendered":"CEAS apoya pr\u00f3ximo conversatorio  \u00f3La Panamazon\u00f3a: retos y desaf\u00f3os\u00bb"},"content":{"rendered":"<div>El jueves 18 de agosto se realizar\u00e1 en Lima el conversatorio \u201cLa Panamazon\u00eda: retos y desaf\u00edos. Una mirada desde la Laudato Si\u201d. El evento tiene como finalidad difundir la problem\u00e1tica panamaz\u00f3nica y la respuesta de la Iglesia en di\u00e1logo con los pueblos nativos en defensa de los derechos humanos y del cuidado de la casa com\u00fan.<\/div>\n<div>\u00a0<\/div>\n<div>El encuentro es organizado por el Centro Amaz\u00f3nico de Antropolog\u00eda y Aplicaci\u00f3n Pr\u00e1ctica (CAAAP), la Comisi\u00f3n Episcopal de Acci\u00f3n Social (CEAS), la Red Eclesial PanAmaz\u00f3nica (REPAM) y el Foro Social Panamaz\u00f3nico (FOSPA), con la colaboraci\u00f3n de CRS y la Universidad Antonio Ru\u00edz de Montoya (UARM).<\/div>\n<div>\u00a0<\/div>\n<div>La Enc\u00edclica Laudato Si del Papa Francisco es una respuesta de la Iglesia a la creciente crisis ecol\u00f3gica y el cambio clim\u00e1tico, ambas amenazas graves para la vida en el planeta. El texto, difundido en mayo de 2015, critica a los modelos de desarrollo que ejercen una presi\u00f3n extrema sobre la naturaleza, favoreciendo su depredaci\u00f3n.<\/div>\n<div>\u00a0<\/div>\n<div>Dicha devastaci\u00f3n afecta a la vida y salud de la humanidad, en especial sobre los m\u00e1s pobres, como los pueblos ind\u00edgenas que habitan la Amazon\u00eda y est\u00e1n expuestos a las consecuencias negativas del mal llamado \u201cprogreso\u201d.<\/div>\n<div>\u00a0<\/div>\n<div>Esta cita en Lima se presenta como una excelente oportunidad para dialogar y reflexionar sobre la enc\u00edclica y sus planteamientos a partir de la actual labor que realiza la Iglesia.<\/div>\n<div>En ese sentido durante el encuentro se analizar\u00e1 la amenaza que se cierne sobre la Amazon\u00eda y los pueblos ind\u00edgenas que habitan en ella debido al impacto de las industrias extractivas y al irracional modo de extraer los recursos naturales.<\/div>\n<div>\u00a0<\/div>\n<div>Cabe destacar que en la Laudato Si se realiza una l\u00facida reflexi\u00f3n en di\u00e1logo con el saber cient\u00edfico y la teolog\u00eda, con el objetivo de poner en el debate la necesidad de cambiar el comportamiento del ser humano con el entorno ecol\u00f3gico y promover un cambio profundo de su cultura de consumo y descarte para que el mundo sea un lugar habitable, sostenible y m\u00e1s equitativo.<\/div>\n<div>\u00a0<\/div>\n<div>La cita es en el auditorio de la Universidad Antonio Ruiz de Montoya, que se ubica en la avenida Paso de los Andes 970, distrito de Pueblo Libre.\u00a0<\/div>\n<div><strong><br \/>\n<\/strong><\/div>\n<div><strong>PROGRAMA:<\/strong><\/div>\n<div>6.00 \u2013 6.30 p.m. Inscripci\u00f3n<\/div>\n<div>6.30 p.m. Inauguraci\u00f3n: Monse\u00f1or Alfredo Vizcarra sj, Obispo Vicario del Vicariato de Ja\u00e9n, Presidente de la Asamblea del CAAAP<\/div>\n<div>6.45 p.m. Video clip Papa Francisco \u201cQueremos vida y agua\u201d<\/div>\n<div>7.00 p.m. Conversatorio: Problem\u00e1tica panamaz\u00f3nica y desaf\u00edos de la Iglesia<\/div>\n<div>Participantes: Monse\u00f1or Pedro Barreto, Arzobispo de Huancayo<\/div>\n<div>Mauricio L\u00f3pez (REPAM)<\/div>\n<div>Leonardo Tello (Radio Ucamara)<\/div>\n<div>Ismael Vega D\u00edaz (Director del CAAAP)<\/div>\n<div>8.00 p.m. Preguntas del p\u00fablico<\/div>\n<div>8.30 p.m. Conclusiones: Jorge Elgregen \u2013 Director de la Escuela de Econom\u00eda y Gesti\u00f3n Ambiental (UARM)<\/div>\n<div>8.50 p.m. Clausura: Ernesto Cavassa sj, Rector de la UARM<\/div>\n<div>9.00 p.m. Brindis<\/div>\n<div>\u00a0<\/div>\n<div>Fuente: Red Eclesial Panamaz\u00f3nica<\/div>\n<p><a href=\"http:\/\/web.hilo.org.pe\/wp-content\/uploads\/Retos ydesafios.jpg\" target=\"_blank\" rel=\"noopener\">Ver archivo adjunto<\/a><\/p>\n","protected":false},"excerpt":{"rendered":"<p>El jueves 18 de agosto se realizar? en Lima el conversatorio ?La Panamazon?a: retos y desaf?os. Una mirada desde la Laudato Si?. El evento tiene como finalidad difundir la problem?tica panamaz?nica y la respuesta de la Iglesia en di?logo con los pueblos nativos en defensa de los derechos humanos y del cuidado de la casa com?n.<\/p>\n","protected":false},"author":1,"featured_media":7897,"comment_status":"closed","ping_status":"closed","sticky":false,"template":"","format":"standard","meta":{"footnotes":""},"categories":[9],"tags":[],"class_list":["post-2895","post","type-post","status-publish","format-standard","has-post-thumbnail","hentry","category-noticias"],"_links":{"self":[{"href":"https:\/\/ceas.org.pe\/index.php\/wp-json\/wp\/v2\/posts\/2895","targetHints":{"allow":["GET"]}}],"collection":[{"href":"https:\/\/ceas.org.pe\/index.php\/wp-json\/wp\/v2\/posts"}],"about":[{"href":"https:\/\/ceas.org.pe\/index.php\/wp-json\/wp\/v2\/types\/post"}],"author":[{"embeddable":true,"href":"https:\/\/ceas.org.pe\/index.php\/wp-json\/wp\/v2\/users\/1"}],"replies":[{"embeddable":true,"href":"https:\/\/ceas.org.pe\/index.php\/wp-json\/wp\/v2\/comments?post=2895"}],"version-history":[{"count":1,"href":"https:\/\/ceas.org.pe\/index.php\/wp-json\/wp\/v2\/posts\/2895\/revisions"}],"predecessor-version":[{"id":6323,"href":"https:\/\/ceas.org.pe\/index.php\/wp-json\/wp\/v2\/posts\/2895\/revisions\/6323"}],"wp:featuredmedia":[{"embeddable":true,"href":"https:\/\/ceas.org.pe\/index.php\/wp-json\/wp\/v2\/media\/7897"}],"wp:attachment":[{"href":"https:\/\/ceas.org.pe\/index.php\/wp-json\/wp\/v2\/media?parent=2895"}],"wp:term":[{"taxonomy":"category","embeddable":true,"href":"https:\/\/ceas.org.pe\/index.php\/wp-json\/wp\/v2\/categories?post=2895"},{"taxonomy":"post_tag","embeddable":true,"href":"https:\/\/ceas.org.pe\/index.php\/wp-json\/wp\/v2\/tags?post=2895"}],"curies":[{"name":"wp","href":"https:\/\/api.w.org\/{rel}","templated":true}]}}