{"id":2894,"date":"2016-08-10T19:07:43","date_gmt":"2016-08-10T19:07:43","guid":{"rendered":""},"modified":"2026-03-11T09:12:01","modified_gmt":"2026-03-11T14:12:01","slug":"el-papa-pide-respeto-a-pueblos-indogenas-amenazados-en-su-identidad","status":"publish","type":"post","link":"https:\/\/ceas.org.pe\/index.php\/2016\/08\/10\/el-papa-pide-respeto-a-pueblos-indogenas-amenazados-en-su-identidad\/","title":{"rendered":"El Papa pide respeto a pueblos ind\u00f3genas, amenazados en su identidad"},"content":{"rendered":"<p>\u201cPidamos que sean respetados los pueblos ind\u00edgenas, amenazados en su identidad y hasta en su misma existencia\u201d, lo escribe el Papa Francisco esta ma\u00f1ana en su cuenta oficial de twitter @Pontifex, en el d\u00eda Internacional de los Pueblos Ind\u00edgenas, que este a\u00f1o tiene como tema: \u201cel derecho de los pueblos ind\u00edgenas a la educaci\u00f3n\u201d<\/p>\n<p>En la jornada en la que el mundo es invitado a reflexionar sobre el acceso igualitario a todos los niveles de la ense\u00f1anza y la formaci\u00f3n profesional para las personas vulnerables, incluidas las personas con discapacidad, los pueblos ind\u00edgenas y los ni\u00f1os en situaciones de vulnerabilidad; el Pont\u00edfice recuerda que la identidad de los pueblos ind\u00edgenas es amenazada por la cultura del descarte. Al respecto, recordemos la intenci\u00f3n de oraci\u00f3n universal del mes de julio en la que el Obispo de Roma pidi\u00f3 por los pueblos ind\u00edgenas, para que se respeten su forma de vida, derechos y tradiciones y para que sus pedidos sean o\u00eddos. \u201cQuiero hacerme eco y portavoz de los anhelos m\u00e1s profundos de los pueblos ind\u00edgenas \u2013 afirma el Papa \u2013 y quiero que unas tu voz a la m\u00eda para que de todo coraz\u00f3n pidamos que sean respetados los pueblos ind\u00edgenas, amenazados en su identidad y hasta en su misma existencia\u201d.<\/p>\n<div>Fuente:radiovaticano<\/div>\n<p><a href=\"http:\/\/web.hilo.org.pe\/wp-content\/uploads\/pueblosindigenas.JPG\" target=\"_blank\" rel=\"noopener\">Ver archivo adjunto<\/a><\/p>\n","protected":false},"excerpt":{"rendered":"<p>?Pidamos que sean respetados los pueblos ind?genas, amenazados en su identidad y hasta en su misma existencia?, lo escribe el Papa Francisco esta ma?ana en su cuenta oficial de twitter @Pontifex, en el d?a Internacional de los Pueblos Ind?genas, que este a?o tiene como tema: ?el derecho de los pueblos ind?genas a la educaci?n?<\/p>\n","protected":false},"author":1,"featured_media":7874,"comment_status":"closed","ping_status":"closed","sticky":false,"template":"","format":"standard","meta":{"footnotes":""},"categories":[9],"tags":[],"class_list":["post-2894","post","type-post","status-publish","format-standard","has-post-thumbnail","hentry","category-noticias"],"_links":{"self":[{"href":"https:\/\/ceas.org.pe\/index.php\/wp-json\/wp\/v2\/posts\/2894","targetHints":{"allow":["GET"]}}],"collection":[{"href":"https:\/\/ceas.org.pe\/index.php\/wp-json\/wp\/v2\/posts"}],"about":[{"href":"https:\/\/ceas.org.pe\/index.php\/wp-json\/wp\/v2\/types\/post"}],"author":[{"embeddable":true,"href":"https:\/\/ceas.org.pe\/index.php\/wp-json\/wp\/v2\/users\/1"}],"replies":[{"embeddable":true,"href":"https:\/\/ceas.org.pe\/index.php\/wp-json\/wp\/v2\/comments?post=2894"}],"version-history":[{"count":1,"href":"https:\/\/ceas.org.pe\/index.php\/wp-json\/wp\/v2\/posts\/2894\/revisions"}],"predecessor-version":[{"id":6324,"href":"https:\/\/ceas.org.pe\/index.php\/wp-json\/wp\/v2\/posts\/2894\/revisions\/6324"}],"wp:featuredmedia":[{"embeddable":true,"href":"https:\/\/ceas.org.pe\/index.php\/wp-json\/wp\/v2\/media\/7874"}],"wp:attachment":[{"href":"https:\/\/ceas.org.pe\/index.php\/wp-json\/wp\/v2\/media?parent=2894"}],"wp:term":[{"taxonomy":"category","embeddable":true,"href":"https:\/\/ceas.org.pe\/index.php\/wp-json\/wp\/v2\/categories?post=2894"},{"taxonomy":"post_tag","embeddable":true,"href":"https:\/\/ceas.org.pe\/index.php\/wp-json\/wp\/v2\/tags?post=2894"}],"curies":[{"name":"wp","href":"https:\/\/api.w.org\/{rel}","templated":true}]}}