{"id":2893,"date":"2016-08-09T12:05:08","date_gmt":"2016-08-09T12:05:08","guid":{"rendered":""},"modified":"2026-03-11T09:12:01","modified_gmt":"2026-03-11T14:12:01","slug":"papa-dona-400-mil-dolares-para-atender-a-afectados-de-sequoas-en-ofrica-del-sur","status":"publish","type":"post","link":"https:\/\/ceas.org.pe\/index.php\/2016\/08\/09\/papa-dona-400-mil-dolares-para-atender-a-afectados-de-sequoas-en-ofrica-del-sur\/","title":{"rendered":"Papa dona 400 mil d\u00f3lares para atender a afectados de sequ\u00f3as en \u00f3frica del sur"},"content":{"rendered":"<p>El papa Francisco ha donado 400 mil d\u00f3lares al Gobierno de Lesotho para afrontar la emergencia de la sequ\u00eda que ha golpeado el pa\u00eds y toda \u00c1frica del sur a causa del fen\u00f3meno El Ni\u00f1o. As\u00ed lo ha indicado el nuncio apost\u00f3lico Peter Bryan Wells al peri\u00f3dico online \u201cAfrican Independent\u201d e inform\u00f3 este lunes el diario del Vaticano, el Osservatore Romano. Monse\u00f1or Wells present\u00f3 hace unos d\u00edas sus cartas credenciales al rey Letsie III por el inicio de su misi\u00f3n diplom\u00e1tica.<\/p>\n<div>\u00a0<\/div>\n<div>Este gesto del Santo Padre es \u201cparticularmente significativo\u201d porque \u2013ha explicado el arzobispo\u2013 es muy ins\u00f3lito que el Papa entregue una donaci\u00f3n de este tipo directamente a los Gobiernos. Los procedimientos habituales de la Santa Sede en caso de cat\u00e1strofes, \u201cprev\u00e9n donaciones hechas a trav\u00e9s de agencias como Caritas Internationalis o las Conferencias Episcopales Locales\u201d.<\/div>\n<div>\u00a0<\/div>\n<div>Seg\u00fan explica el nuncio, en este caso, \u201cel Papa ha acogido esta oportunidad para demostrar que apoyamos efectivamente lo que decimos, no damos simplemente ense\u00f1anzas vac\u00edas\u201d.<\/div>\n<div>\u00a0<\/div>\n<div>Tal y como indica el Osservatore Romano, en Lesotho, los efectos de El Ni\u00f1o han provocado escasez de agua, hambre, enfermedades y como consecuencias una crisis econ\u00f3mica que ha devastado la regi\u00f3n meridional de \u00c1frica, la cual es tambi\u00e9n el epicentro de la pandemia del VIH. En particular, en Lesotho, la sequ\u00eda provocada por El Ni\u00f1o ha desencadenado la ca\u00edda del 62 por ciento en la producci\u00f3n agr\u00edcola durante la \u00faltima estaci\u00f3n, condenando al hambre a m\u00e1s de 500 mil personas en los diez distritos del pa\u00eds. Por ello, el 22 de diciembre de 2015, el primer ministro Pakalitha Mosisili, declar\u00f3 el estado de emergencia.<\/div>\n<div>\u00a0<\/div>\n<div>Esto ha suscitado la atenci\u00f3n del Pont\u00edfice \u2013explic\u00f3 el arzobispo\u2013 y su respuesta ha sido inmediata. La contribuci\u00f3n, precisa el Osservatore, deber\u00eda ser entregada ahora a la Conferencia Episcopal local, de forma que a trav\u00e9s de proyectos especiales la Iglesia cat\u00f3lica en Lesotho pueda ayudar a aliviar los efectos de la sequ\u00eda.<\/div>\n<div>\u00a0<\/div>\n<div>\u201cHaremos visitas frecuentes para verificar c\u00f3mo el Gobierno y la Iglesia local utilizan el dinero y para entender lo que puede ser de ulterior ayuda\u201d, dijo monse\u00f1or Wells.<\/div>\n<div>\u00a0<\/div>\n<div>Por su parte, el rey de Lesotho ha expresado gratitud por la contribuci\u00f3n que la Iglesia cat\u00f3lica ha hecho, en particular en los sectores de sanidad y educaci\u00f3n.<\/div>\n<div>\u00a0<\/div>\n<div>Fuente: zenit.org<\/div>\n<p><a href=\"http:\/\/web.hilo.org.pe\/wp-content\/uploads\/20160809_El Papa dona 400 mil dolares al Gobierno de Lesotho.jpg\" target=\"_blank\" rel=\"noopener\">Ver archivo adjunto<\/a><\/p>\n","protected":false},"excerpt":{"rendered":"<p>El papa Francisco ha donado 400 mil d?lares al Gobierno de Lesotho para afrontar la emergencia de la sequ?a que ha golpeado el pa?s y toda ?frica del sur a causa del fen?meno El Ni?o. As? lo ha indicado el nuncio apost?lico Peter Bryan Wells al peri?dico online ?African Independent? e inform? este lunes el diario del Vaticano, el Osservatore Romano. Monse?or Wells present? hace unos d?as sus cartas credenciales al rey Letsie III por el inicio de su misi?n diplom?tica.<\/p>\n","protected":false},"author":1,"featured_media":7848,"comment_status":"closed","ping_status":"closed","sticky":false,"template":"","format":"standard","meta":{"footnotes":""},"categories":[9],"tags":[],"class_list":["post-2893","post","type-post","status-publish","format-standard","has-post-thumbnail","hentry","category-noticias"],"_links":{"self":[{"href":"https:\/\/ceas.org.pe\/index.php\/wp-json\/wp\/v2\/posts\/2893","targetHints":{"allow":["GET"]}}],"collection":[{"href":"https:\/\/ceas.org.pe\/index.php\/wp-json\/wp\/v2\/posts"}],"about":[{"href":"https:\/\/ceas.org.pe\/index.php\/wp-json\/wp\/v2\/types\/post"}],"author":[{"embeddable":true,"href":"https:\/\/ceas.org.pe\/index.php\/wp-json\/wp\/v2\/users\/1"}],"replies":[{"embeddable":true,"href":"https:\/\/ceas.org.pe\/index.php\/wp-json\/wp\/v2\/comments?post=2893"}],"version-history":[{"count":1,"href":"https:\/\/ceas.org.pe\/index.php\/wp-json\/wp\/v2\/posts\/2893\/revisions"}],"predecessor-version":[{"id":6325,"href":"https:\/\/ceas.org.pe\/index.php\/wp-json\/wp\/v2\/posts\/2893\/revisions\/6325"}],"wp:featuredmedia":[{"embeddable":true,"href":"https:\/\/ceas.org.pe\/index.php\/wp-json\/wp\/v2\/media\/7848"}],"wp:attachment":[{"href":"https:\/\/ceas.org.pe\/index.php\/wp-json\/wp\/v2\/media?parent=2893"}],"wp:term":[{"taxonomy":"category","embeddable":true,"href":"https:\/\/ceas.org.pe\/index.php\/wp-json\/wp\/v2\/categories?post=2893"},{"taxonomy":"post_tag","embeddable":true,"href":"https:\/\/ceas.org.pe\/index.php\/wp-json\/wp\/v2\/tags?post=2893"}],"curies":[{"name":"wp","href":"https:\/\/api.w.org\/{rel}","templated":true}]}}