{"id":2892,"date":"2016-08-09T12:02:53","date_gmt":"2016-08-09T12:02:53","guid":{"rendered":""},"modified":"2026-03-11T09:12:01","modified_gmt":"2026-03-11T14:12:01","slug":"red-iglesias-y-mineroa-participan-en-el-foro-social-mundial-en-canado","status":"publish","type":"post","link":"https:\/\/ceas.org.pe\/index.php\/2016\/08\/09\/red-iglesias-y-mineroa-participan-en-el-foro-social-mundial-en-canado\/","title":{"rendered":"Red Iglesias y Miner\u00f3a participan en el Foro Social Mundial en Canad\u00f3"},"content":{"rendered":"<p>La Red Iglesias y Miner\u00eda, en alianza con otras instituciones, realizar\u00e1 4 eventos paralelos en el marco del Foro Social Mundial que se cumplir\u00e1 en los que se realizar\u00e1 en la ciudad de Montreal, Canad\u00e1, del 9 al 14 de agosto. \u00a0En las distintas actividades organizadas por la Red se analizar\u00e1n las graves consecuencias de la actuaci\u00f3n de la mega-miner\u00eda en Am\u00e9rica Latina y otras partes del mundo.<\/p>\n<p>El Foro Social Mundial 2016 espera reunir a m\u00e1s de 50 mil personas y organizaciones de la sociedad civil provenientes de todos los continentes y participar\u00e1n en las diversas conferencias, seminarios, mesas de debate, talleres, conversatorios, exposiciones y actividades culturales; abordando temas relacionados a la crisis del modelo capitalista y a proyectar los caminos para la construcci\u00f3n de un mundo diferente al que actualmente vivimos.<\/p>\n<div>Entre las actividades promovidas por la Red Iglesias y Miner\u00eda, en alianza con otras instituciones, se cuenta la mesa redonda en la que las personas afectadas por los derrames de residuos t\u00f3xicos en Mariana -Brasil y en Mt. Polley &#8211; Canad\u00e1, aclarar\u00e1n si estos casos muy similares, son \u00abaccidentes\u00bb o \u00abcr\u00edmenes ambientales\u00bb. Esta mesa de di\u00e1logo se realizar\u00e1 el 10 de agosto, de 09:00 a 11:30 (UQAM pabell\u00f3n A &#8211; Local PK-R610).<\/div>\n<div>\u00a0<\/div>\n<div>https:\/\/fsm2016.org\/en\/activites\/tailings-dam-spills-in-british-columbia&#8230;<\/div>\n<div>El mismo 10 de agosto, de 13:00 a 15:30 (UQAM pabell\u00f3n B &#8211; Local SB-M420), se desarrollar\u00e1 la mesa redonda para dialogar sobre las estrategias de las compa\u00f1\u00edas mineras para el control de territorios, trabajadores y gobiernos. Participar\u00e1n como expositores representantes de las redes internacionales de resistencia a las transnacionales mineras.<\/div>\n<div>\u00a0<\/div>\n<div>https:\/\/fsm2016.org\/en\/activites\/resisting-mining-transnationals-through&#8230;<\/div>\n<div>Para el d\u00eda 11 de agosto est\u00e1 programada la mesa de di\u00e1logo \u00abde Marikina a Mariana: como hacer frente a los cr\u00edmenes de la miner\u00eda\u00bb. Cu\u00e1les son las perspectivas, los desaf\u00edos y las propuestas populares frente a las violaciones de la miner\u00eda.<\/div>\n<div>\u00a0<\/div>\n<div>https:\/\/fsm2016.org\/en\/activites\/from-marikana-to-mariana-how-to-face-mi&#8230;<\/div>\n<div>El 12 de agosto el tema estar\u00e1 referido a las varias facetas del caso Mariana y la destrucci\u00f3n de la cuenca del r\u00edo Dulce, en Brasil. A este prop\u00f3sito es oportuno recordar que la rotura de la presa minera afect\u00f3 a m\u00e1s de un mill\u00f3n de personas y caus\u00f3 la contaminaci\u00f3n y destrucci\u00f3n de la cuenca del r\u00edo Dulce. El horario: de 13:00 a 15:30 (UQAM Pabell\u00f3n D &#8211; Local D-R200).<\/div>\n<div>\u00a0<\/div>\n<div>https:\/\/fsm2016.org\/en\/activites\/la-mineria-en-brasil-el-caso-de-la-dest&#8230;<\/div>\n<div>Las entidades responsables de estas mesas de debate, en el FSM 2016, son entre otras: Articulaci\u00f3n Internacional de los afectados por la Vale, Red Iglesias y Miner\u00eda, Minig Watch-Canad\u00e1, CERLAC (Centro de investigaci\u00f3n en Am\u00e9rica Latina y Caribe), CIDSE-Juntos por Justicia Global-, Franciscans International, Misioneros Combonianos, Center for the Social Justice, etc.<\/div>\n<div>\u00a0<\/div>\n<div>Mayores informaciones sobre el Foro Social Mundial en: https:\/\/fsm2016.org\/es\/<\/div>\n<div>\u00a0<\/div>\n<div>Fuente: signisalc.org<\/div>\n<p>\u00a0<\/p>\n<p><a href=\"http:\/\/web.hilo.org.pe\/wp-content\/uploads\/Reddeiglesias.png\" target=\"_blank\" rel=\"noopener\">Ver archivo adjunto<\/a><\/p>\n","protected":false},"excerpt":{"rendered":"<p>La Red Iglesias y Miner?a, en alianza con otras instituciones, realizar? 4 eventos paralelos en el marco del Foro Social Mundial que se cumplir? en los que se realizar? en la ciudad de Montreal, Canad?, del 9 al 14 de agosto.  En las distintas actividades organizadas por la Red se analizar?n las graves consecuencias de la actuaci?n de la mega-miner?a en Am?rica Latina y otras partes del mundo.<\/p>\n","protected":false},"author":1,"featured_media":7857,"comment_status":"closed","ping_status":"closed","sticky":false,"template":"","format":"standard","meta":{"footnotes":""},"categories":[9],"tags":[],"class_list":["post-2892","post","type-post","status-publish","format-standard","has-post-thumbnail","hentry","category-noticias"],"_links":{"self":[{"href":"https:\/\/ceas.org.pe\/index.php\/wp-json\/wp\/v2\/posts\/2892","targetHints":{"allow":["GET"]}}],"collection":[{"href":"https:\/\/ceas.org.pe\/index.php\/wp-json\/wp\/v2\/posts"}],"about":[{"href":"https:\/\/ceas.org.pe\/index.php\/wp-json\/wp\/v2\/types\/post"}],"author":[{"embeddable":true,"href":"https:\/\/ceas.org.pe\/index.php\/wp-json\/wp\/v2\/users\/1"}],"replies":[{"embeddable":true,"href":"https:\/\/ceas.org.pe\/index.php\/wp-json\/wp\/v2\/comments?post=2892"}],"version-history":[{"count":1,"href":"https:\/\/ceas.org.pe\/index.php\/wp-json\/wp\/v2\/posts\/2892\/revisions"}],"predecessor-version":[{"id":6326,"href":"https:\/\/ceas.org.pe\/index.php\/wp-json\/wp\/v2\/posts\/2892\/revisions\/6326"}],"wp:featuredmedia":[{"embeddable":true,"href":"https:\/\/ceas.org.pe\/index.php\/wp-json\/wp\/v2\/media\/7857"}],"wp:attachment":[{"href":"https:\/\/ceas.org.pe\/index.php\/wp-json\/wp\/v2\/media?parent=2892"}],"wp:term":[{"taxonomy":"category","embeddable":true,"href":"https:\/\/ceas.org.pe\/index.php\/wp-json\/wp\/v2\/categories?post=2892"},{"taxonomy":"post_tag","embeddable":true,"href":"https:\/\/ceas.org.pe\/index.php\/wp-json\/wp\/v2\/tags?post=2892"}],"curies":[{"name":"wp","href":"https:\/\/api.w.org\/{rel}","templated":true}]}}