{"id":2890,"date":"2016-08-05T12:06:47","date_gmt":"2016-08-05T12:06:47","guid":{"rendered":""},"modified":"2026-03-11T09:12:01","modified_gmt":"2026-03-11T14:12:01","slug":"9-de-agosto-doa-internacional-de-las-poblaciones-indogenas","status":"publish","type":"post","link":"https:\/\/ceas.org.pe\/index.php\/2016\/08\/05\/9-de-agosto-doa-internacional-de-las-poblaciones-indogenas\/","title":{"rendered":"9 de agosto: D\u00f3a Internacional de las Poblaciones Ind\u00f3genas"},"content":{"rendered":"<p>El 9 de agosto se celebra el D\u00eda Internacional de las Poblaciones Ind\u00edgenas, una fecha especialmente importante para Manos Unidas, que, desde su nacimiento, ha apoyado a cientos de miles de personas de hasta 222 etnias de pueblos ind\u00edgenas, tribales y nativas de todo el mundo con el objetivo de que se respete su identidad y sus derechos, recogidos en la Declaraci\u00f3n de las Naciones Unidas sobre los Derechos de los Pueblos Ind\u00edgenas (DDPI).<\/p>\n<div>\u00a0<\/div>\n<div>Tal y como recuerdan en una nota publicada con dicha ocasi\u00f3n, estas poblaciones, son m\u00e1s de 400 millones de personas repartidos por m\u00e1s de 70 pa\u00edses, que hablan m\u00e1s de 5.000 lenguas (el 75% de los idiomas conocidos).<\/div>\n<div>\u00a0<\/div>\n<div>Sin embargo, advierten, \u201clos ind\u00edgenas sufren en nuestros d\u00edas el rechazo, los abusos, la discriminaci\u00f3n y la invisibilizaci\u00f3n hasta el punto de verse amenazados en su identidad y en su misma existencia\u201d. De hecho, \u201cconstituyen el 15% de los pobres del mundo, representan un tercio de las personas que viven en extrema pobreza en \u00e1reas rurales y sufren desplazamientos forzosos, acentuados por la globalizaci\u00f3n econ\u00f3mica y los efectos del cambio clim\u00e1tico\u201d.<\/div>\n<div>\u00a0<\/div>\n<div>Por ello, Manos Unidas, en los \u00faltimos 6 a\u00f1os, ha realizado 359 proyectos para apoyar a los pueblos ind\u00edgenas de 18 pa\u00edses de Asia, Am\u00e9rica y \u00c1frica por un importe de 31.460.391 \u20ac. La mayor parte de los proyectos relacionados con ind\u00edgenas apoyados por Manos Unidas tienen relaci\u00f3n con \u201cel derecho y protecci\u00f3n de sus territorios\u201d, \u201cla salvaguarda de sus recursos naturales\u201d, \u201ch\u00e1bitat y medio ambiente\u201d, \u201csu seguridad y soberan\u00eda alimentaria y su derecho a la alimentaci\u00f3n\u201d, \u201cel respeto y protecci\u00f3n de sus valores, creencias, tradiciones y modelos de producci\u00f3n sostenibles\u201d, \u201csu derecho a la salud y a la educaci\u00f3n\u201d y \u201csu derecho a evitar el contacto con otras personas en el caso de tribus aisladas de la Amazon\u00eda\u201d. \u00a0<\/div>\n<div>\u00a0<\/div>\n<div>Asimismo, Manos Unidas asegura que \u201cuno de los principales desaf\u00edos a los que se enfrentan estas poblaciones son los grandes proyectos econ\u00f3micos (agroindustria, recursos energ\u00e9ticos e infraestructuras) que se ejecutan en sus territorios y que suelen tener como resultado la degradaci\u00f3n del medio ambiente del cual depende su supervivencia; la violaci\u00f3n de sus derechos humanos, especialmente de sus territorios y la exclusi\u00f3n de los beneficios econ\u00f3micos.<\/div>\n<div>\u00a0<\/div>\n<div>A esta situaci\u00f3n se suma \u201cla presi\u00f3n a la que se ven sometidas las personas e instituciones que denuncian esta realidad\u201d y \u201cdefienden a los pueblos ind\u00edgenas, que sufren amenazas, persecuciones y agresiones \u201c<\/div>\n<div>\u00a0<\/div>\n<div>Manos Unidas es la ONG de desarrollo de la Iglesia cat\u00f3lica y de voluntarios, que trabaja para apoyar a los pueblos del Sur en su desarrollo y en la sensibilizaci\u00f3n de la poblaci\u00f3n espa\u00f1ola.<\/div>\n<div>\u00a0<\/div>\n<div>Fuente: zenit.org<\/div>\n<p><a href=\"http:\/\/web.hilo.org.pe\/wp-content\/uploads\/Diadelas poblacionesindigenas.jpg\" target=\"_blank\" rel=\"noopener\">Ver archivo adjunto<\/a><\/p>\n","protected":false},"excerpt":{"rendered":"<p>El 9 de agosto se celebra el D?a Internacional de las Poblaciones Ind?genas, una fecha especialmente importante para Manos Unidas, que, desde su nacimiento, ha apoyado a cientos de miles de personas de hasta 222 etnias de pueblos ind?genas, tribales y nativas de todo el mundo con el objetivo de que se respete su identidad y sus derechos, recogidos en la Declaraci?n de las Naciones Unidas sobre los Derechos de los Pueblos Ind?genas (DDPI).<\/p>\n","protected":false},"author":1,"featured_media":8109,"comment_status":"closed","ping_status":"closed","sticky":false,"template":"","format":"standard","meta":{"footnotes":""},"categories":[9],"tags":[],"class_list":["post-2890","post","type-post","status-publish","format-standard","has-post-thumbnail","hentry","category-noticias"],"_links":{"self":[{"href":"https:\/\/ceas.org.pe\/index.php\/wp-json\/wp\/v2\/posts\/2890","targetHints":{"allow":["GET"]}}],"collection":[{"href":"https:\/\/ceas.org.pe\/index.php\/wp-json\/wp\/v2\/posts"}],"about":[{"href":"https:\/\/ceas.org.pe\/index.php\/wp-json\/wp\/v2\/types\/post"}],"author":[{"embeddable":true,"href":"https:\/\/ceas.org.pe\/index.php\/wp-json\/wp\/v2\/users\/1"}],"replies":[{"embeddable":true,"href":"https:\/\/ceas.org.pe\/index.php\/wp-json\/wp\/v2\/comments?post=2890"}],"version-history":[{"count":1,"href":"https:\/\/ceas.org.pe\/index.php\/wp-json\/wp\/v2\/posts\/2890\/revisions"}],"predecessor-version":[{"id":6328,"href":"https:\/\/ceas.org.pe\/index.php\/wp-json\/wp\/v2\/posts\/2890\/revisions\/6328"}],"wp:featuredmedia":[{"embeddable":true,"href":"https:\/\/ceas.org.pe\/index.php\/wp-json\/wp\/v2\/media\/8109"}],"wp:attachment":[{"href":"https:\/\/ceas.org.pe\/index.php\/wp-json\/wp\/v2\/media?parent=2890"}],"wp:term":[{"taxonomy":"category","embeddable":true,"href":"https:\/\/ceas.org.pe\/index.php\/wp-json\/wp\/v2\/categories?post=2890"},{"taxonomy":"post_tag","embeddable":true,"href":"https:\/\/ceas.org.pe\/index.php\/wp-json\/wp\/v2\/tags?post=2890"}],"curies":[{"name":"wp","href":"https:\/\/api.w.org\/{rel}","templated":true}]}}