{"id":2888,"date":"2016-08-04T17:46:31","date_gmt":"2016-08-04T17:46:31","guid":{"rendered":""},"modified":"2026-03-11T09:12:01","modified_gmt":"2026-03-11T14:12:01","slug":"santa-sede-ante-la-onu-denuncia-aumento-de-abusos-a-menores-en-conflictos","status":"publish","type":"post","link":"https:\/\/ceas.org.pe\/index.php\/2016\/08\/04\/santa-sede-ante-la-onu-denuncia-aumento-de-abusos-a-menores-en-conflictos\/","title":{"rendered":"Santa Sede ante la ONU denuncia aumento de abusos a menores en conflictos"},"content":{"rendered":"<p>La Santa Sede ha levantado su voz una vez m\u00e1s contra la implicaci\u00f3n de ni\u00f1os en conflictos. Monse\u00f1or Simon Kassas, encargado ante la Misi\u00f3n del observador permanente de la Santa Sede en la ONU, intervino esta semana en el debate abierto en el Consejo de Seguridad sobre este tema, poniendo el acento en el aumento de ciertos fen\u00f3menos aberrantes.<\/p>\n<div>\u00a0<\/div>\n<div>Ni\u00f1os-soldados usados como kamikaze, con fines sexuales o en las m\u00e1s peligrosas operaciones militares: en el 2015 las violaciones han visto una gravedad nunca conocida antes. \u201cNunca en la historia reciente ha habido tantos ni\u00f1os sometidos a tal brutalidad violenta\u201d, afirm\u00f3 el prelado, como indica Radio Vaticano.<\/div>\n<div>\u00a0<\/div>\n<div>Monse\u00f1or Kassas no escondi\u00f3 los \u201cprogresos\u201d manifestados por la comunidad internacional en la defensa de los ni\u00f1os, pero evidentemente es necesario hacer m\u00e1s. La Santa Sede est\u00e1 preparada a perpetuar su compromiso. \u201cA trav\u00e9s de sus distintas estructuras activas en la mayor parte de las zonas en conflicto, la Iglesia cat\u00f3lica est\u00e1 activamente comprometida en el cuidado de las v\u00edctimas de la violencia\u201d, subray\u00f3 monse\u00f1or Kassas.<\/div>\n<div>\u00a0<\/div>\n<div>Adem\u00e1s, a lo largo de los a\u00f1os, las estructuras de la Santa Sede y las numerosas instituciones cat\u00f3licas han colaborado con las misiones de paz y las agencias de la ONU para compartir las pr\u00e1cticas para afrontar este flagelo.<\/div>\n<div>\u00a0<\/div>\n<div>Los lugares donde los ni\u00f1os est\u00e1n en mayor riesgo, desde este punto de vista, son Afganist\u00e1n, Irak, Somalia, Sudan del sur, y Yemen, donde se ha quintuplicado, en un a\u00f1o, el n\u00famero de menores enrolados en el ej\u00e9rcito y en las milicias locales y aumentan en seis veces el de ni\u00f1os asesinados o mutilados. El Estado Isl\u00e1mico y Boko Haram comparten el triste primado en la explotaci\u00f3n de menores.<\/div>\n<div>\u00a0<\/div>\n<div>No falta al menos una noticia positiva: en el 2015, m\u00e1s de 8 mil ni\u00f1os fueron liberados y muchos pa\u00edses aprobaron leyes para su protecci\u00f3n.\u00a0<\/div>\n<div>\u00a0<\/div>\n<div>Fuente: zenit.org<\/div>\n<p>\u00a0<\/p>\n<p><a href=\"http:\/\/web.hilo.org.pe\/wp-content\/uploads\/La Santa Sede denuncia el aumento de abusos a menores en conflictos.jpg\" target=\"_blank\" rel=\"noopener\">Ver archivo adjunto<\/a><\/p>\n","protected":false},"excerpt":{"rendered":"<p>La Santa Sede ha levantado su voz una vez m?s contra la implicaci?n de ni?os en conflictos. Monse?or Simon Kassas, encargado ante la Misi?n del observador permanente de la Santa Sede en la ONU, intervino esta semana en el debate abierto en el Consejo de Seguridad sobre este tema, poniendo el acento en el aumento de ciertos fen?menos aberrantes.<\/p>\n","protected":false},"author":1,"featured_media":7946,"comment_status":"closed","ping_status":"closed","sticky":false,"template":"","format":"standard","meta":{"footnotes":""},"categories":[9],"tags":[],"class_list":["post-2888","post","type-post","status-publish","format-standard","has-post-thumbnail","hentry","category-noticias"],"_links":{"self":[{"href":"https:\/\/ceas.org.pe\/index.php\/wp-json\/wp\/v2\/posts\/2888","targetHints":{"allow":["GET"]}}],"collection":[{"href":"https:\/\/ceas.org.pe\/index.php\/wp-json\/wp\/v2\/posts"}],"about":[{"href":"https:\/\/ceas.org.pe\/index.php\/wp-json\/wp\/v2\/types\/post"}],"author":[{"embeddable":true,"href":"https:\/\/ceas.org.pe\/index.php\/wp-json\/wp\/v2\/users\/1"}],"replies":[{"embeddable":true,"href":"https:\/\/ceas.org.pe\/index.php\/wp-json\/wp\/v2\/comments?post=2888"}],"version-history":[{"count":1,"href":"https:\/\/ceas.org.pe\/index.php\/wp-json\/wp\/v2\/posts\/2888\/revisions"}],"predecessor-version":[{"id":6330,"href":"https:\/\/ceas.org.pe\/index.php\/wp-json\/wp\/v2\/posts\/2888\/revisions\/6330"}],"wp:featuredmedia":[{"embeddable":true,"href":"https:\/\/ceas.org.pe\/index.php\/wp-json\/wp\/v2\/media\/7946"}],"wp:attachment":[{"href":"https:\/\/ceas.org.pe\/index.php\/wp-json\/wp\/v2\/media?parent=2888"}],"wp:term":[{"taxonomy":"category","embeddable":true,"href":"https:\/\/ceas.org.pe\/index.php\/wp-json\/wp\/v2\/categories?post=2888"},{"taxonomy":"post_tag","embeddable":true,"href":"https:\/\/ceas.org.pe\/index.php\/wp-json\/wp\/v2\/tags?post=2888"}],"curies":[{"name":"wp","href":"https:\/\/api.w.org\/{rel}","templated":true}]}}