{"id":2887,"date":"2016-08-03T11:06:46","date_gmt":"2016-08-03T11:06:46","guid":{"rendered":""},"modified":"2026-03-11T09:12:01","modified_gmt":"2026-03-11T14:12:01","slug":"papa-francisco-poner-al-centro-de-la-economoa-mundial-al-dios-dinero-es-terrorismo","status":"publish","type":"post","link":"https:\/\/ceas.org.pe\/index.php\/2016\/08\/03\/papa-francisco-poner-al-centro-de-la-economoa-mundial-al-dios-dinero-es-terrorismo\/","title":{"rendered":"Papa Francisco: poner al centro de la econom\u00f3a mundial al dios dinero es terrorismo"},"content":{"rendered":"<p>En el avi\u00f3n de regreso de la Jornada Mundial de la Juventud los periodistas preguntaron al Papa sobre la violencia y el fundamentalismo religioso. Francisco respondi\u00f3: \u201cSi hablara de violencia isl\u00e1mica \u00bfdeber\u00eda hablar tambi\u00e9n de violencia cat\u00f3lica? Los isl\u00e1micos no son todos violentos. Es como una \u201censalada de fruta\u201d, hay violentos en las religiones. Una cosa es verdadera: en casi todas las religiones hay siempre un peque\u00f1o grupito de fundamentalistas. Tambi\u00e9n nosotros los tenemos. Y el fundamentalismo llega a matar \u2013 tambi\u00e9n se puede matar con la lengua, lo dice el ap\u00f3stol Santiago, no yo, y se puede matar con el cuchillo \u2013. Pero no es justo identificar al Islam con la violencia\u201d.<\/p>\n<p>\u201cEl terrorismo est\u00e1 por todos lados, piensen en el terrorismo tribal de algunos pa\u00edses africanos. El terrorismo crece cuando no hay otra opci\u00f3n. Ahora dir\u00e9 una cosa que puede ser peligrosa \u2013expres\u00f3 el Papa: Cuando se pone al centro de la econom\u00eda mundial al dios dinero y no al hombre y a la mujer, esto ya es un primer terrorismo. Has echado fuera la maravilla de la creaci\u00f3n y has puesto al centro el dinero. Esto es un primer terrorismo de base. Pens\u00e9moslo\u201d.<\/p>\n<p>Fuente: radiovaticana<\/p>\n<p><a href=\"http:\/\/web.hilo.org.pe\/wp-content\/uploads\/Colinadelascruces.jpg\" target=\"_blank\" rel=\"noopener\">Ver archivo adjunto<\/a><\/p>\n","protected":false},"excerpt":{"rendered":"<p>En el avi\u00f3n de regreso de la Jornada Mundial de la Juventud los periodistas preguntaron al Papa sobre la violencia y el fundamentalismo religioso. Francisco respondi\u00f3: \u201cSi hablara de violencia isl\u00e1mica \u00bfdeber\u00eda hablar tambi\u00e9n de violencia cat\u00f3lica? Los isl\u00e1micos no son todos violentos. Es como una \u201censalada de fruta\u201d, hay violentos en las religiones.\u00a0<\/p>\n","protected":false},"author":1,"featured_media":7855,"comment_status":"closed","ping_status":"closed","sticky":false,"template":"","format":"standard","meta":{"footnotes":""},"categories":[9],"tags":[],"class_list":["post-2887","post","type-post","status-publish","format-standard","has-post-thumbnail","hentry","category-noticias"],"_links":{"self":[{"href":"https:\/\/ceas.org.pe\/index.php\/wp-json\/wp\/v2\/posts\/2887","targetHints":{"allow":["GET"]}}],"collection":[{"href":"https:\/\/ceas.org.pe\/index.php\/wp-json\/wp\/v2\/posts"}],"about":[{"href":"https:\/\/ceas.org.pe\/index.php\/wp-json\/wp\/v2\/types\/post"}],"author":[{"embeddable":true,"href":"https:\/\/ceas.org.pe\/index.php\/wp-json\/wp\/v2\/users\/1"}],"replies":[{"embeddable":true,"href":"https:\/\/ceas.org.pe\/index.php\/wp-json\/wp\/v2\/comments?post=2887"}],"version-history":[{"count":1,"href":"https:\/\/ceas.org.pe\/index.php\/wp-json\/wp\/v2\/posts\/2887\/revisions"}],"predecessor-version":[{"id":6331,"href":"https:\/\/ceas.org.pe\/index.php\/wp-json\/wp\/v2\/posts\/2887\/revisions\/6331"}],"wp:featuredmedia":[{"embeddable":true,"href":"https:\/\/ceas.org.pe\/index.php\/wp-json\/wp\/v2\/media\/7855"}],"wp:attachment":[{"href":"https:\/\/ceas.org.pe\/index.php\/wp-json\/wp\/v2\/media?parent=2887"}],"wp:term":[{"taxonomy":"category","embeddable":true,"href":"https:\/\/ceas.org.pe\/index.php\/wp-json\/wp\/v2\/categories?post=2887"},{"taxonomy":"post_tag","embeddable":true,"href":"https:\/\/ceas.org.pe\/index.php\/wp-json\/wp\/v2\/tags?post=2887"}],"curies":[{"name":"wp","href":"https:\/\/api.w.org\/{rel}","templated":true}]}}