{"id":2886,"date":"2016-08-03T10:58:19","date_gmt":"2016-08-03T10:58:19","guid":{"rendered":""},"modified":"2026-03-11T09:12:01","modified_gmt":"2026-03-11T14:12:01","slug":"encuentro-latinoamericano-de-iglesias-y-mineroa-sero-en-colombia","status":"publish","type":"post","link":"https:\/\/ceas.org.pe\/index.php\/2016\/08\/03\/encuentro-latinoamericano-de-iglesias-y-mineroa-sero-en-colombia\/","title":{"rendered":"Encuentro latinoamericano de Iglesias y Miner\u00f3a ser\u00f3 en Colombia"},"content":{"rendered":"<p>Por tercera vez en Am\u00e9rica Latina, la red Iglesias y Miner\u00eda, reunir\u00e1 a religiosos, agentes de pastoral, movimientos sociales y l\u00edderes de comunidades afectadas por los grandes proyectos mineros en el continente. El encuentro ser\u00e1 en Bogot\u00e1, Colombia, del 2 al 6 de setiembre.<\/p>\n<div>\u00a0<\/div>\n<div>En esta oportunidad, alrededor de 45 l\u00edderes, provenientes de 12 pa\u00edses, escuchar\u00e1n los clamores de las comunidades afectadas por la miner\u00eda; reflexionar\u00e1n y analizar\u00e1n sobre las causas y consecuencias de los conflictos mineros en Am\u00e9rica Latina; profundizar\u00e1n aspectos de la eco-teol\u00f3gica; y finalmente, definir\u00e1n estrategias para el cuidado y defensa de la Casa Com\u00fan.<\/div>\n<div>\u00a0<\/div>\n<div>Para el sacerdote D\u00e1rio Bossi, uno de los destacados impulsores de la red, este tercer encuentro fortalece el trabajo colaborativo de los miembros de la red con las iglesias que est\u00e1n empe\u00f1adas en el \u201ccuidado de la casa com\u00fan\u201d, como recomienda la enc\u00edclica del papa Francisco Laudato Si. \u201cLa experiencia nos muestra que estos encuentros fortalecen la m\u00edstica, la resistencia y la b\u00fasqueda de alternativas de las comunidades que, en los m\u00e1s diversos territorios, sufren graves violaciones de sus derechos socio-ambientales y, en muchos casos, son hasta criminalizados por defender la vida\u201d.<\/div>\n<div>\u00a0<\/div>\n<div>Tambi\u00e9n este tipo de encuentros, contin\u00faa el padre D\u00e1rio, \u201cnos permiten una interacci\u00f3n eficaz con las jerarqu\u00edas de las iglesias: en Bogot\u00e1 tendremos reuniones con los responsables de la Consejo Episcopal Latinoamericano (CELAM) y del Consejo Latinoamericano de Iglesias (CLAI). Es importante que nuestros obispos y pastores sean cada vez m\u00e1s sensibles en el apoyo a las peque\u00f1as comunidades impactadas por la l\u00f3gica de los grandes proyectos. El desarrollo que prometen las corporaciones mineras, aliadas a los estados nacionales, no favorece la vida de los pobres\u201d.<\/div>\n<div>\u00a0<\/div>\n<div>La Red Iglesias y Miner\u00eda, es un espacio ecum\u00e9nico, conformado por comunidades cristianas de Am\u00e9rica Latina, equipos pastorales, congregaciones religiosas, grupos de reflexi\u00f3n teol\u00f3gica, laicas, laicos, obispos y pastores que buscan responder a los desaf\u00edos de los impactos y violaciones de los derechos socio-ambientales provocados por las actividades mineras en los territorios. \u201cNos une y nos inspira la fe y la esperanza en el Dios creador de la vida y de la madre naturaleza; un Dios que nos convoca a construir un mundo donde todas las personas vivamos con la dignidad de los hijos e hijas de Dios, en perfecta armon\u00eda con toda la creaci\u00f3n\u201d.<\/div>\n<div>\u00a0<\/div>\n<div>Desde su nacimiento en el 2013, esta red se ha propuesto trabajar para empoderar a las comunidades afectadas por la miner\u00eda; profundizar y divulgar una teolog\u00eda y espiritualidad ecol\u00f3gica; comunicar las violaciones provocadas por la mega-miner\u00eda, la resistencia de las comunidades afectadas, as\u00ed como sus propuestas y alternativas orientadas al buen vivir; dialogar con las Iglesias, en todos sus niveles jer\u00e1rquicos, para incidir en sus acciones en defensa de las comunidades y territorios afectados por la miner\u00eda.\u00a0<\/div>\n<div>\u00a0<\/div>\n<div>E-Mail: iglesiaymineria@gmail.com<\/div>\n<div>\u00a0<\/div>\n<div>Facebook: https:\/\/www.facebook.com\/IglesiasyMineria\/<\/div>\n<div>\u00a0<\/div>\n<div>Twitter: https:\/\/twitter.com\/iglesiaymineria<\/div>\n<div>\u00a0<\/div>\n<div>Youtube: https:\/\/www.youtube.com\/watch?v=I1Qvgctnbck\u00a0<\/div>\n<div>\u00a0<\/div>\n<div>\u00a0<\/div>\n<div>Fuente: Comisi\u00f3n de Comunicacion REPAM<\/div>\n<div>\u00a0<\/div>\n<p><a href=\"http:\/\/web.hilo.org.pe\/wp-content\/uploads\/20160803_Encuentro latinoamericano de Iglesias y Mineria sera en Bogota.jpg\" target=\"_blank\" rel=\"noopener\">Ver archivo adjunto<\/a><\/p>\n","protected":false},"excerpt":{"rendered":"<p>Por tercera vez en Am?rica Latina, la red Iglesias y Miner?a, reunir? a religiosos, agentes de pastoral, movimientos sociales y l?deres de comunidades afectadas por los grandes proyectos mineros en el continente. El encuentro ser? en Bogot?, Colombia, del 2 al 6 de setiembre.<\/p>\n","protected":false},"author":1,"featured_media":7862,"comment_status":"closed","ping_status":"closed","sticky":false,"template":"","format":"standard","meta":{"footnotes":""},"categories":[9],"tags":[],"class_list":["post-2886","post","type-post","status-publish","format-standard","has-post-thumbnail","hentry","category-noticias"],"_links":{"self":[{"href":"https:\/\/ceas.org.pe\/index.php\/wp-json\/wp\/v2\/posts\/2886","targetHints":{"allow":["GET"]}}],"collection":[{"href":"https:\/\/ceas.org.pe\/index.php\/wp-json\/wp\/v2\/posts"}],"about":[{"href":"https:\/\/ceas.org.pe\/index.php\/wp-json\/wp\/v2\/types\/post"}],"author":[{"embeddable":true,"href":"https:\/\/ceas.org.pe\/index.php\/wp-json\/wp\/v2\/users\/1"}],"replies":[{"embeddable":true,"href":"https:\/\/ceas.org.pe\/index.php\/wp-json\/wp\/v2\/comments?post=2886"}],"version-history":[{"count":1,"href":"https:\/\/ceas.org.pe\/index.php\/wp-json\/wp\/v2\/posts\/2886\/revisions"}],"predecessor-version":[{"id":6332,"href":"https:\/\/ceas.org.pe\/index.php\/wp-json\/wp\/v2\/posts\/2886\/revisions\/6332"}],"wp:featuredmedia":[{"embeddable":true,"href":"https:\/\/ceas.org.pe\/index.php\/wp-json\/wp\/v2\/media\/7862"}],"wp:attachment":[{"href":"https:\/\/ceas.org.pe\/index.php\/wp-json\/wp\/v2\/media?parent=2886"}],"wp:term":[{"taxonomy":"category","embeddable":true,"href":"https:\/\/ceas.org.pe\/index.php\/wp-json\/wp\/v2\/categories?post=2886"},{"taxonomy":"post_tag","embeddable":true,"href":"https:\/\/ceas.org.pe\/index.php\/wp-json\/wp\/v2\/tags?post=2886"}],"curies":[{"name":"wp","href":"https:\/\/api.w.org\/{rel}","templated":true}]}}