{"id":2885,"date":"2016-08-02T19:48:00","date_gmt":"2016-08-02T19:48:00","guid":{"rendered":""},"modified":"2026-03-11T09:12:01","modified_gmt":"2026-03-11T14:12:01","slug":"ocuando-pedimos-trabajo-estamos-pidiendo-dignidado-afirma-el-santo-padre","status":"publish","type":"post","link":"https:\/\/ceas.org.pe\/index.php\/2016\/08\/02\/ocuando-pedimos-trabajo-estamos-pidiendo-dignidado-afirma-el-santo-padre\/","title":{"rendered":"\u00f3Cuando pedimos trabajo estamos pidiendo dignidad\u00f3, afirma el Santo Padre"},"content":{"rendered":"<p>El papa Francisco ha enviado una carta a monse\u00f1or Jose\u0301 Mari\u0301a Arancedo, presidente de la Conferencia Episcopal Argentina, con motivo de la fiesta de san Cayetano, 7 de agosto, particularmente venerado en Argentina como \u201cpatr\u00f3n del pan y del trabajo\u201d. De este modo, el Santo Padre hace llegar su saludo y bendici\u00f3n a tantos hombres y mujeres que se congregara\u0301n en los diversos templos del pai\u0301s dedicados al santo \u201cpara pedir pan y trabajo o para agradecer el hecho de que no les falte\u201d.<\/p>\n<div>\u00a0<\/div>\n<div>Cuando pedimos trabajo \u2013recuerda Francisco\u2013 estamos pidiendo poder sentir dignidad. Y en esta celebracio\u0301n de san Cayetano \u201cpedimos esa dignidad que nos confiere el trabajo; poder llevar el pan a casa\u201d. Asimismo, explica que el Trabajo es esa T que junto con las otras dos Techo y Tierra, esta\u0301 en el entramado ba\u0301sico de los Derechos Humanos. Y cuando se pide trabajo para llevar el pan a casa \u201cestamos pidiendo dignidad\u201d.<\/div>\n<div>\u00a0<\/div>\n<div>Asimismo, el Papa recuerda \u201cconmovido los 7 de agosto en Buenos Aires\u201d, con la misa en el Santuario de Liniers y luego el recorrido de la cola de la gente hasta el Estadio de Velez. \u201cSaludar, escuchar, acompan\u0303ar la fe de ese pueblo sencillo\u2026 y tantas veces, ante la angustia de hombres y mujeres que quieren y buscan trabajo y no encuentran\u201d, recuerda. \u00a0Y se\u00f1ala que en esos momentos solo atinaba \u201ca un apreto\u0301n de manos, una caricia, mirar esos ojos humedecidos de dolor, y llorar dentro\u201d. Llorar si\u0301, asegura Francisco, \u201cporque es duro cruzar tu vida con un padre de familia que quiere trabajar y no tiene posibilidad de lograrlo\u201d.<\/div>\n<div>\u00a0<\/div>\n<div>Recordando que a san Cayetano \u201cpedimos pan y trabajo\u201d, el Pont\u00edfice indica que \u201cel pan es ma\u0301s fa\u0301cil conseguirlo porque siempre hay alguna persona o institucio\u0301n buena que te lo acerca\u201d. Pero, advierte que \u201chay lugares en el mundo que ni esa posibilidad tienen\u201d.<\/div>\n<div>\u00a0<\/div>\n<div>Del mismo modo reconoce que el trabajo es tan difi\u0301cil lograrlo, \u201csobre todo cuando seguimos viviendo momentos en los cuales los i\u0301ndices de desocupacio\u0301n son significativamente altos\u201d. En esta l\u00ednea precisa que el pan te soluciona una parte del problema, pero a medias, porque ese pan no es el que se gana con el trabajo. \u201cUna cosa es tener pan para comer en casa y otra es llevarlo a casa como fruto del trabajo. Y esto es lo que confiere dignidad\u201d, subraya Francisco en la carta. Finalmente pide que en esta fiesta de san Cayetano \u201ctodos los obispos sepamos acompan\u0303ar a nuestros hermanos que piden pan y trabajo\u201d. Y pide tambi\u00e9n hacerlo \u201ccon carin\u0303o, cercani\u0301a y oracio\u0301n\u201d.<\/div>\n<div>\u00a0<\/div>\n<div>Fuente: zenit.org<\/div>\n<p><a href=\"http:\/\/web.hilo.org.pe\/wp-content\/uploads\/Francisco.jpg\" target=\"_blank\" rel=\"noopener\">Ver archivo adjunto<\/a><\/p>\n","protected":false},"excerpt":{"rendered":"<p>\u00a0El papa Francisco ha enviado una carta a monse\u00f1or Jose\u0301 Mari\u0301a Arancedo, presidente de la Conferencia Episcopal Argentina, con motivo de la fiesta de san Cayetano, 7 de agosto, particularmente venerado en Argentina como \u201cpatr\u00f3n del pan y del trabajo\u201d.<\/p>\n","protected":false},"author":1,"featured_media":8064,"comment_status":"closed","ping_status":"closed","sticky":false,"template":"","format":"standard","meta":{"footnotes":""},"categories":[9],"tags":[],"class_list":["post-2885","post","type-post","status-publish","format-standard","has-post-thumbnail","hentry","category-noticias"],"_links":{"self":[{"href":"https:\/\/ceas.org.pe\/index.php\/wp-json\/wp\/v2\/posts\/2885","targetHints":{"allow":["GET"]}}],"collection":[{"href":"https:\/\/ceas.org.pe\/index.php\/wp-json\/wp\/v2\/posts"}],"about":[{"href":"https:\/\/ceas.org.pe\/index.php\/wp-json\/wp\/v2\/types\/post"}],"author":[{"embeddable":true,"href":"https:\/\/ceas.org.pe\/index.php\/wp-json\/wp\/v2\/users\/1"}],"replies":[{"embeddable":true,"href":"https:\/\/ceas.org.pe\/index.php\/wp-json\/wp\/v2\/comments?post=2885"}],"version-history":[{"count":1,"href":"https:\/\/ceas.org.pe\/index.php\/wp-json\/wp\/v2\/posts\/2885\/revisions"}],"predecessor-version":[{"id":6333,"href":"https:\/\/ceas.org.pe\/index.php\/wp-json\/wp\/v2\/posts\/2885\/revisions\/6333"}],"wp:featuredmedia":[{"embeddable":true,"href":"https:\/\/ceas.org.pe\/index.php\/wp-json\/wp\/v2\/media\/8064"}],"wp:attachment":[{"href":"https:\/\/ceas.org.pe\/index.php\/wp-json\/wp\/v2\/media?parent=2885"}],"wp:term":[{"taxonomy":"category","embeddable":true,"href":"https:\/\/ceas.org.pe\/index.php\/wp-json\/wp\/v2\/categories?post=2885"},{"taxonomy":"post_tag","embeddable":true,"href":"https:\/\/ceas.org.pe\/index.php\/wp-json\/wp\/v2\/tags?post=2885"}],"curies":[{"name":"wp","href":"https:\/\/api.w.org\/{rel}","templated":true}]}}