{"id":2883,"date":"2016-08-02T19:30:58","date_gmt":"2016-08-02T19:30:58","guid":{"rendered":""},"modified":"2026-03-11T09:12:01","modified_gmt":"2026-03-11T14:12:01","slug":"encuentro-regional-norte-de-la-pastoral-social-sero-en-chiclayo","status":"publish","type":"post","link":"https:\/\/ceas.org.pe\/index.php\/2016\/08\/02\/encuentro-regional-norte-de-la-pastoral-social-sero-en-chiclayo\/","title":{"rendered":"Encuentro Regional Norte de la Pastoral Social ser\u00f3 en Chiclayo"},"content":{"rendered":"<p>A m\u00e1s de un a\u00f1o de darse a conocer, la carta Enc\u00edclica \u201cLaudato Si\u2019\u201d se ha convertido en uno de los documentos m\u00e1s importantes, discutidos, analizados, ponderados y convocantes de la Iglesia Cat\u00f3lica para el cuidado de la casa com\u00fan. Con ella, el Papa Francisco ha invitado a \u201ctoda la familia humana en la b\u00fasqueda de un desarrollo sostenible e integral\u201d.<\/p>\n<div>\u00a0<\/div>\n<div>Por ello, la Conferencia Episcopal Peruana, a trav\u00e9s de su Pastoral Social Nacional y la Di\u00f3cesis de Chiclayo convocan a los agentes pastorales del norte y p\u00fablico en general a participar del Foro P\u00fablico: \u201cCuidado del Medio Ambiente: Desaf\u00edos y Compromisos para la sociedad y la Iglesia\u201d, \u00a0que se llevar\u00e1 a cabo el 8 de agosto a las 6:45 p.m. en el Auditorio de la Casa de las Hermanas de San Jos\u00e9 de Tarbes (Calle Mar\u00eda Izaga 077, al costado de la Sanidad de Polic\u00eda en Chiclayo).<\/div>\n<div>\u00a0<\/div>\n<div>Este Foro P\u00fablico se desarrolla en el marco del Encuentro Regional Norte de la Pastoral Social Laudato Si\u2019, el cual es el primero de cinco encuentros que se realizar\u00e1n a nivel nacional con el objetivo de renovar y relanzar nuestro compromiso con el cuidado de nuestra casa com\u00fan, as\u00ed como avanzar hacia la nueva s\u00edntesis cultural que nos pide la Enc\u00edclica Laudato Si\u2019.<\/div>\n<div>\u00a0<\/div>\n<div><img decoding=\"async\" src=\"http:\/\/www.ceas.org.pe\/noticias\/foro_chiclayo_interior.png\" alt=\"\" \/><\/div>\n<div>\u00a0<\/div>\n<div>El evento contar\u00e1 con la presentaci\u00f3n de la Enc\u00edclica Laudato Si\u2019 a cargo del P. Ricardo Guerrero, Vicario General de la Di\u00f3cesis de Chiclayo, adem\u00e1s de \u00a0importantes panelistas de la regi\u00f3n Lambayeque que plantear\u00e1n los desaf\u00edos que tenemos al cuidado de la casa com\u00fan. Como comentaristas estar\u00e1n Fidel Torres, representante del Instituto Monta\u00f1a y Agrored Norte y Gladys Castillo, Responsable de Medio Ambiente de C\u00e1ritas del Per\u00fa.<\/div>\n<div>\u00a0<\/div>\n<div>\u00a0<\/div>\n<div>El Foro P\u00fablico: \u201cCuidado del Medio Ambiente: Desaf\u00edos y Compromisos para la sociedad y la Iglesia\u201d es una invitaci\u00f3n a cambios profundos y radicales en nuestros estilos de vida, en nuestra espiritualidad y en nuestra manera de actuar que contribuyan al cuidado de nuestra casa com\u00fan.\u00a0<\/div>\n<div>\u00a0<\/div>\n<div>\u00a0<\/div>\n<div>El ingreso es libre, los esperamos.<\/div>\n<div>\u00a0<\/div>\n<div>Fuente: caritas.org.pe<\/div>\n<p><a href=\"http:\/\/web.hilo.org.pe\/wp-content\/uploads\/foro.png\" target=\"_blank\" rel=\"noopener\">Ver archivo adjunto<\/a><\/p>\n","protected":false},"excerpt":{"rendered":"<p>\u00a0A m\u00e1s de un a\u00f1o de darse a conocer, la carta Enc\u00edclica \u201cLaudato Si\u2019\u201d se ha convertido en uno de los documentos m\u00e1s importantes, discutidos, analizados, ponderados y convocantes de la Iglesia Cat\u00f3lica para el cuidado de la casa com\u00fan. Con ella, el Papa Francisco ha invitado a \u201ctoda la familia humana en la b\u00fasqueda de un desarrollo sostenible e integral\u201d.<\/p>\n<div>\u00a0<\/div>\n","protected":false},"author":1,"featured_media":7862,"comment_status":"closed","ping_status":"closed","sticky":false,"template":"","format":"standard","meta":{"footnotes":""},"categories":[9],"tags":[],"class_list":["post-2883","post","type-post","status-publish","format-standard","has-post-thumbnail","hentry","category-noticias"],"_links":{"self":[{"href":"https:\/\/ceas.org.pe\/index.php\/wp-json\/wp\/v2\/posts\/2883","targetHints":{"allow":["GET"]}}],"collection":[{"href":"https:\/\/ceas.org.pe\/index.php\/wp-json\/wp\/v2\/posts"}],"about":[{"href":"https:\/\/ceas.org.pe\/index.php\/wp-json\/wp\/v2\/types\/post"}],"author":[{"embeddable":true,"href":"https:\/\/ceas.org.pe\/index.php\/wp-json\/wp\/v2\/users\/1"}],"replies":[{"embeddable":true,"href":"https:\/\/ceas.org.pe\/index.php\/wp-json\/wp\/v2\/comments?post=2883"}],"version-history":[{"count":1,"href":"https:\/\/ceas.org.pe\/index.php\/wp-json\/wp\/v2\/posts\/2883\/revisions"}],"predecessor-version":[{"id":6334,"href":"https:\/\/ceas.org.pe\/index.php\/wp-json\/wp\/v2\/posts\/2883\/revisions\/6334"}],"wp:featuredmedia":[{"embeddable":true,"href":"https:\/\/ceas.org.pe\/index.php\/wp-json\/wp\/v2\/media\/7862"}],"wp:attachment":[{"href":"https:\/\/ceas.org.pe\/index.php\/wp-json\/wp\/v2\/media?parent=2883"}],"wp:term":[{"taxonomy":"category","embeddable":true,"href":"https:\/\/ceas.org.pe\/index.php\/wp-json\/wp\/v2\/categories?post=2883"},{"taxonomy":"post_tag","embeddable":true,"href":"https:\/\/ceas.org.pe\/index.php\/wp-json\/wp\/v2\/tags?post=2883"}],"curies":[{"name":"wp","href":"https:\/\/api.w.org\/{rel}","templated":true}]}}