{"id":2882,"date":"2016-08-01T13:04:14","date_gmt":"2016-08-01T13:04:14","guid":{"rendered":""},"modified":"2026-03-11T09:12:01","modified_gmt":"2026-03-11T14:12:01","slug":"padre-lombardi-sero-presidente-de-la-fundacion-joseph-ratzinger","status":"publish","type":"post","link":"https:\/\/ceas.org.pe\/index.php\/2016\/08\/01\/padre-lombardi-sero-presidente-de-la-fundacion-joseph-ratzinger\/","title":{"rendered":"Padre Lombardi ser\u00f3 presidente de la fundaci\u00f3n Joseph Ratzinger"},"content":{"rendered":"<p>El padre Federico Lombardi ha sido nombrado presidente del Consejo de Administraci\u00f3n de la Fundaci\u00f3n vaticana \u201cJoseph Ratzinger \u2013 Benedicto XVI\u201d. El sacerdote jesuita termin\u00f3 ayer, tras diez a\u00f1os de servicio, su trabajo como director de la sala de prensa del Vaticano.\u00a0<\/p>\n<div>\u00a0<\/div>\n<div>Lombardi, de casi 74 a\u00f1os, se licenci\u00f3 en matem\u00e1ticas en la Universidad de Tur\u00edn y realiz\u00f3 estudios teol\u00f3gicos en Alemania. Fue ordenado sacerdote en 1972 y provincial de los jesuitas en Italia, hasta 1990. En ese a\u00f1o le nombraron director de programas de Radio Vaticano, despu\u00e9s director general hasta 2016. Y del 2001 al 2013 fue tambi\u00e9n director general del Centro Televisivo Vaticano. Ha sido director de la sala de prensa del Vaticano desde el 2006.<\/div>\n<div>\u00a0<\/div>\n<div>Fue el papa Benedicto XVI, tomado en consideraci\u00f3n el deseo manifestado por numerosos estudiosos de crear un ente con el objeto de promover la publicaci\u00f3n, difusi\u00f3n y estudio de los escritos del entonces profesor Joseph Ratzinger, y dada la necesidad de dotar a dicho ente de una configuraci\u00f3n jur\u00eddica adecuada, quien dispuso en marzo de 2010 la creaci\u00f3n de la \u201cFundaci\u00f3n Vaticana Joseph Ratzinger \u2013 Benedicto XVI\u201d.<\/div>\n<div>\u00a0<\/div>\n<div>Los objetivos de esta fundaci\u00f3n son \u201cla promoci\u00f3n de investigaciones, estudios y publicaciones sobre la obra y el pensamiento del Prof. Joseph Ratzinger\u201d, \u201cla organizaci\u00f3n y desarrollo de congresos de elevado valor cultural y cient\u00edfico\u201d y \u201cestablecer premios para los estudiosos que se distingan por especiales m\u00e9ritos, tanto en la actividad de las publicaciones como de la investigaci\u00f3n cient\u00edfica\u201d.<\/div>\n<div>\u00a0<\/div>\n<div>Fuente: zenit.org<\/div>\n<p><a href=\"http:\/\/web.hilo.org.pe\/wp-content\/uploads\/Padrelombardi.jpg\" target=\"_blank\" rel=\"noopener\">Ver archivo adjunto<\/a><\/p>\n","protected":false},"excerpt":{"rendered":"<p>El padre Federico Lombardi ha sido nombrado presidente del Consejo de Administraci?n de la Fundaci?n vaticana ?Joseph Ratzinger ? Benedicto XVI?. El sacerdote jesuita termin? ayer, tras diez a?os de servicio, su trabajo como director de la sala de prensa del Vaticano.<\/p>\n","protected":false},"author":1,"featured_media":8108,"comment_status":"closed","ping_status":"closed","sticky":false,"template":"","format":"standard","meta":{"footnotes":""},"categories":[9],"tags":[],"class_list":["post-2882","post","type-post","status-publish","format-standard","has-post-thumbnail","hentry","category-noticias"],"_links":{"self":[{"href":"https:\/\/ceas.org.pe\/index.php\/wp-json\/wp\/v2\/posts\/2882","targetHints":{"allow":["GET"]}}],"collection":[{"href":"https:\/\/ceas.org.pe\/index.php\/wp-json\/wp\/v2\/posts"}],"about":[{"href":"https:\/\/ceas.org.pe\/index.php\/wp-json\/wp\/v2\/types\/post"}],"author":[{"embeddable":true,"href":"https:\/\/ceas.org.pe\/index.php\/wp-json\/wp\/v2\/users\/1"}],"replies":[{"embeddable":true,"href":"https:\/\/ceas.org.pe\/index.php\/wp-json\/wp\/v2\/comments?post=2882"}],"version-history":[{"count":1,"href":"https:\/\/ceas.org.pe\/index.php\/wp-json\/wp\/v2\/posts\/2882\/revisions"}],"predecessor-version":[{"id":6336,"href":"https:\/\/ceas.org.pe\/index.php\/wp-json\/wp\/v2\/posts\/2882\/revisions\/6336"}],"wp:featuredmedia":[{"embeddable":true,"href":"https:\/\/ceas.org.pe\/index.php\/wp-json\/wp\/v2\/media\/8108"}],"wp:attachment":[{"href":"https:\/\/ceas.org.pe\/index.php\/wp-json\/wp\/v2\/media?parent=2882"}],"wp:term":[{"taxonomy":"category","embeddable":true,"href":"https:\/\/ceas.org.pe\/index.php\/wp-json\/wp\/v2\/categories?post=2882"},{"taxonomy":"post_tag","embeddable":true,"href":"https:\/\/ceas.org.pe\/index.php\/wp-json\/wp\/v2\/tags?post=2882"}],"curies":[{"name":"wp","href":"https:\/\/api.w.org\/{rel}","templated":true}]}}