{"id":2881,"date":"2016-08-01T10:22:37","date_gmt":"2016-08-01T10:22:37","guid":{"rendered":""},"modified":"2026-03-11T09:12:01","modified_gmt":"2026-03-11T14:12:01","slug":"intenciones-de-oracion-del-papa-para-agosto-de-2016","status":"publish","type":"post","link":"https:\/\/ceas.org.pe\/index.php\/2016\/08\/01\/intenciones-de-oracion-del-papa-para-agosto-de-2016\/","title":{"rendered":"Intenciones de oraci\u00f3n del Papa para agosto de 2016"},"content":{"rendered":"<p>El director internacional de la Red Mundial de Oraci\u00f3n del Papa, el padre Frederic Fornos SJ explica a Radio Vaticano las intenciones de oraci\u00f3n del Papa para agosto de 2016:<\/p>\n<div>La intenci\u00f3n de oraci\u00f3n universal es: \u201cque el deporte fomente el encuentro fraternal entre los pueblos y contribuya a la paz en el mundo\u201d.<\/div>\n<div>\u00a0<\/div>\n<div>\u201cTodo deporte nos humaniza, tiene valores universales de perseverancia, solidaridad, di\u00e1logo, esp\u00edritu de equipo, respeto del adversario, nos conduce m\u00e1s all\u00e1 de nosotros mismos. San Pablo se inspira del deporte para motivar la perseverancia en la vida espiritual: \u201c\u00bfNo han aprendido nada en el estadio? Muchos corren, pero uno solo gana el premio. Corran, pues, de manera que lo consigan, como los atletas que se imponen un r\u00e9gimen muy estricto. Solamente ellos lo hacen por una corona de laureles perecederos, mientras nosotros, por una corona que no se marchita\u201d (1 Corintios 9, 24-26). Seguir a Jes\u00fas nos pide la misma solidaridad, perseverancia, confianza en el otro, exigencia, esp\u00edritu de equipo, que se encuentra en el deporte. Es una escuela de vida\u201d.<\/div>\n<div>\u00a0<\/div>\n<div>\u201cEl deporte viene a descentrarnos de nosotros mismos, nos abre al otro, crea relaci\u00f3n y comuni\u00f3n (\u2026) El deporte crea profundas emociones y experiencias colectivas de comuni\u00f3n que parecen muy cercanas a la experiencia religiosa. Estas experiencias de solidaridad, de fraternidad, que nos unen, aunque sea solo un momento en un partido o una carrera, o un salto, un gesto, que parece tocar a lo divino, no son a desconsiderar o minimizar como si fueran una p\u00e9rdida de tiempo o una distracci\u00f3n frente a los grandes desaf\u00edos del mundo de hoy. Frente a estos desaf\u00edos, y este \u00faltimo tiempo, frente a la violencia y barbarie que surge, m\u00e1s que nunca el deporte como encuentro fraternal entre los pueblos es necesario. \u00a1Hay tantos miedos! \u00a1Nos conocemos tan mal! El deporte puede contribuir fuertemente a derribar los muros que impiden la cultura del encuentro fraternal entre los pueblos. Es lo que dijo el Papa Francisco a los deportistas en septiembre de 2014: \u201cEs posible construir la cultura del encuentro y un mundo de paz donde creyentes de religiones distintas, conservando su identidad (\u2026) pueden convivir en armon\u00eda y en el respeto mutuo\u201d, los valores universales del deporte favorecen una cultura del encuentro\u201d.<\/div>\n<div>\u00a0<\/div>\n<div>\u201cLa \u00faltima lecci\u00f3n \u00fatil que nos da el deporte para la consecuci\u00f3n de la paz -tambi\u00e9n dijo en mayo de 2015- es el deber de respetar al adversario. El secreto de la victoria, sobre el campo, y tambi\u00e9n en la vida, est\u00e1 en saber respetar al compa\u00f1ero de equipo, as\u00ed como tambi\u00e9n al adversario. \u00a1Nadie gana solo, ni en el campo, ni en la vida! \u00a1Que nadie quede aislado o se sienta excluido! En un mundo donde tantas cosas nos dividen espero que los Juegos Ol\u00edmpicos de R\u00edo de Janeiro puedan ser una antorcha de esperanza en la oscuridad actual\u201d.<\/div>\n<div>\u00a0<\/div>\n<div>\u201cRecemos con Francisco para esta intenci\u00f3n universal y movilic\u00e9monos para que podamos realmente vivirlo este mes. Es vivir la exigencia del Evangelio que nos invita la segunda intenci\u00f3n de oraci\u00f3n\u201d.<\/div>\n<div>\u00a0<\/div>\n<div>La intenci\u00f3n para la evangelizaci\u00f3n es: \u201cpara que los cristianos vivan la exigencia del Evangelio dando testimonio de fe, honestidad y amor al pr\u00f3jimo\u201d.<\/div>\n<div>\u00a0<\/div>\n<div>El Papa Francisco dec\u00eda en una homil\u00eda de mayo 2013 que: \u201cel esp\u00edritu del mundo no tolera no tolera el testimonio. Piensen en la Madre Teresa, considerada como una figura positiva que hizo tantas cosas hermosas por los dem\u00e1s&#8230; El esp\u00edritu del mundo nunca dice que la beata Teresa todos los d\u00edas, muchas horas, estaba en adoraci\u00f3n; nunca. Reduce la actividad cristiana al hacer un bien social. Como si la existencia cristiana fuese una pintura, un barniz de cristianismo. Pero el anuncio de Jes\u00fas no es un barniz, penetra en los huesos, va directo al coraz\u00f3n; va al interior y nos cambia\u201d.<\/div>\n<div>\u00a0<\/div>\n<div>\u201cEsta frase es muy importante para entender esta intenci\u00f3n de oraci\u00f3n del Papa Francisco. La exigencia de vivir el Evangelio, el cual nos conduce al servicio de los grandes desaf\u00edos de la humanidad y de la misi\u00f3n de la Iglesia, como lo vemos en la intenci\u00f3n universal de este mes para la paz en el mundo, no se puede entender sin una relaci\u00f3n profunda, intima, cotidiana y personal con el Se\u00f1or Jes\u00fas. Esta relaci\u00f3n es invisible para el mundo, pero nuestro testimonio de vida es un testimonio de vida en el Esp\u00edritu, testimonio de la presencia del Resucitado, el cual contin\u00faa hoy como ayer a actuar en este mundo, y el cual nos da la capacidad de amar como \u00e9l. Este testimonio, esta exigencia del Evangelio, como nos invita la intenci\u00f3n para la evangelizaci\u00f3n, no es posible sin la oraci\u00f3n, sin la adoraci\u00f3n, sin todos estos tiempos gratuitos en los cuales nos acercamos y unimos al coraz\u00f3n de Jes\u00fas\u201d.<\/div>\n<div>\u00a0<\/div>\n<div>Fuente: Radio Vaticano<\/div>\n<p><a href=\"http:\/\/web.hilo.org.pe\/wp-content\/uploads\/Intencionoracionagosto.JPG\" target=\"_blank\" rel=\"noopener\">Ver archivo adjunto<\/a><\/p>\n","protected":false},"excerpt":{"rendered":"<p>El director internacional de la Red Mundial de Oraci?n del Papa, el padre Frederic Fornos SJ explica a Radio Vaticano las intenciones de oraci?n del Papa para agosto de 2016:<br \/>\nLa intenci?n de oraci?n universal es: ?que el deporte fomente el encuentro fraternal entre los pueblos y contribuya a la paz en el mundo?.<\/p>\n","protected":false},"author":1,"featured_media":7881,"comment_status":"closed","ping_status":"closed","sticky":false,"template":"","format":"standard","meta":{"footnotes":""},"categories":[9],"tags":[],"class_list":["post-2881","post","type-post","status-publish","format-standard","has-post-thumbnail","hentry","category-noticias"],"_links":{"self":[{"href":"https:\/\/ceas.org.pe\/index.php\/wp-json\/wp\/v2\/posts\/2881","targetHints":{"allow":["GET"]}}],"collection":[{"href":"https:\/\/ceas.org.pe\/index.php\/wp-json\/wp\/v2\/posts"}],"about":[{"href":"https:\/\/ceas.org.pe\/index.php\/wp-json\/wp\/v2\/types\/post"}],"author":[{"embeddable":true,"href":"https:\/\/ceas.org.pe\/index.php\/wp-json\/wp\/v2\/users\/1"}],"replies":[{"embeddable":true,"href":"https:\/\/ceas.org.pe\/index.php\/wp-json\/wp\/v2\/comments?post=2881"}],"version-history":[{"count":1,"href":"https:\/\/ceas.org.pe\/index.php\/wp-json\/wp\/v2\/posts\/2881\/revisions"}],"predecessor-version":[{"id":6337,"href":"https:\/\/ceas.org.pe\/index.php\/wp-json\/wp\/v2\/posts\/2881\/revisions\/6337"}],"wp:featuredmedia":[{"embeddable":true,"href":"https:\/\/ceas.org.pe\/index.php\/wp-json\/wp\/v2\/media\/7881"}],"wp:attachment":[{"href":"https:\/\/ceas.org.pe\/index.php\/wp-json\/wp\/v2\/media?parent=2881"}],"wp:term":[{"taxonomy":"category","embeddable":true,"href":"https:\/\/ceas.org.pe\/index.php\/wp-json\/wp\/v2\/categories?post=2881"},{"taxonomy":"post_tag","embeddable":true,"href":"https:\/\/ceas.org.pe\/index.php\/wp-json\/wp\/v2\/tags?post=2881"}],"curies":[{"name":"wp","href":"https:\/\/api.w.org\/{rel}","templated":true}]}}