{"id":2880,"date":"2016-07-27T14:14:48","date_gmt":"2016-07-27T14:14:48","guid":{"rendered":""},"modified":"2026-03-11T09:12:01","modified_gmt":"2026-03-11T14:12:01","slug":"francisco-nombro-como-obispo-a-sacerdote-que-vivio-entre-indigentes","status":"publish","type":"post","link":"https:\/\/ceas.org.pe\/index.php\/2016\/07\/27\/francisco-nombro-como-obispo-a-sacerdote-que-vivio-entre-indigentes\/","title":{"rendered":"Francisco nombr\u00f3 como obispo a sacerdote que vivi\u00f3 entre indigentes"},"content":{"rendered":"<p>El papa Francisco ha pedido a sus sacerdotes que tengan \u201color a oveja\u201d. Donald Joseph Bolen, de 56 a\u00f1os, canadiense, se lo ha tomado en serio. El prelado durante 36 horas calz\u00f3 los zapatos de un mendigo. Pidi\u00f3 de comer en las calles. Busc\u00f3 una ducha para lavarse, medicinas y un catre en un dormitorio p\u00fablico. Su proclama: seguir trabajando por los pobres y la integraci\u00f3n de los indigentes de su pa\u00eds.<\/p>\n<div>\u00a0<\/div>\n<div>La reforma de la Iglesia emprendida por el papa Francisco est\u00e1 andando en la direcci\u00f3n de mejorar el procedimiento para el nombramiento de nuevos obispos. En este sentido se cuenta el \u00faltimo nombramiento en Canad\u00e1.<\/div>\n<div>\u00a0<\/div>\n<div>El Obispo de Roma nombr\u00f3 este lunes 11 de julio al joven prelado, Bolen, comprometido en ayudar y apoyar a los sin techo de la Saskatoon, su di\u00f3cesis desde 2009, en una ciudad canadiense de 200 mil almas.<\/div>\n<div>\u00a0<\/div>\n<div>Un clima polar en invierno y un verano t\u00f3rrido no facilitan la vida de las personas que viven en la calle.<\/div>\n<div>\u00a0<\/div>\n<div>Coherente con su misi\u00f3n, el obispo vestido de jeans viejos, saco y casaca remendada en C\u00e1ritas, sali\u00f3 por las calles a fraternizar con las personas que lo han perdido todo.<\/div>\n<div>\u00a0<\/div>\n<div>\u201cHe entendido muchas cosas\u201d, revel\u00f3 al se\u00f1alar la secuela franciscana de su decisi\u00f3n.<\/div>\n<div>\u00a0<\/div>\n<div>San Francisco de As\u00eds, el santo pobre cre\u00eda que \u201cla verdadera ense\u00f1anza que trasmitimos es lo que vivimos\u201d.<\/div>\n<div>\u00a0<\/div>\n<div>En fin, un obispo de calle, un sacerdote al estilo de las Villas de Buenos Aires. Un pastor que m\u00e1s all\u00e1 de \u201coler a oveja\u201d, tambi\u00e9n tiene \u201color a calle\u201d (que despide hedor, es molesto, enfadoso, insufrible, sucio y a veces repugnante), totalmente lejos del solo perfume del incienso.<\/div>\n<div>\u00a0<\/div>\n<div>Un dejarse sorprender por la realidad, que es m\u00e1s amplia que el concepto \u201cuna Iglesia pobre y para los pobres\u201d, un intento concreto de cercan\u00eda hacia quien sufre y le falta todo.<\/div>\n<div>\u00a0<\/div>\n<div>En una entrevista al canal de televisi\u00f3n inglesa de Radio Vaticano, Bolen asegur\u00f3, despu\u00e9s de enterarse del nombramiento como arzobispo de Regina, que seguir\u00e1 \u201csirviendo a los que viven al margen y en las periferias\u201d.<\/div>\n<div>\u00a0<\/div>\n<div>El nuevo arzobispo insisti\u00f3 en que dar\u00e1 una particular atenci\u00f3n a las poblaciones ind\u00edgenas: \u201cTratar\u00e9 de caminar con ellos, aprendiendo de ellos y en di\u00e1logo\u201d.<\/div>\n<div>\u00a0<\/div>\n<div>La revoluci\u00f3n de Francisco es silenciosa como el bien. Poco a poco las di\u00f3cesis se van renovando. Los obispos que cumplen 75 a\u00f1os dejan su lugar a obispos m\u00e1s cercanos al perfil de \u201cpastores\u201d que al de \u201cpr\u00edncipes\u201d.<\/div>\n<div>\u00a0<\/div>\n<div>En Italia, el nombramiento de Nunzio Galantino, hoy presidente de la potente Conferencia Episcopal Italiana, sorprendi\u00f3 a muchos. Se hace llamar \u201cpadre Galantino\u201d, y no le gusta que se le llame monse\u00f1or.<\/div>\n<div>\u00a0<\/div>\n<div>Galantino, desde Jonio, una ciudad de provincia, periferia, \u00a0fue catapultado por papa Francisco a desempe\u00f1ar un papel clave, antes destinado a prelados de grandes ciudades italianas: Venecia, G\u00e9nova o Roma, etc.<\/div>\n<div>\u00a0<\/div>\n<div>As\u00ed, el nombramiento del arzobispo de Palermo, Corrado Larefice, ciudad golpeada por decenios por la mafia, profeso seguidor de una pastoral por y para los pobres, antes era un simple p\u00e1rroco.<\/div>\n<div>\u00a0<\/div>\n<div>La nueva onda de obispos \u201cde calle\u201d queridos por el Pont\u00edfice, forma parte del proceso de mejora de los nombramientos que est\u00e1 siendo debatido con regularidad por el C9 (el grupo querido por el Papa constituido por cardenales que lo asesoran en la reforma).<\/div>\n<div>\u00a0<\/div>\n<div>De hecho, entre los selectos cardenales que acompa\u00f1an al Papa en este discernimiento est\u00e1 tambi\u00e9n, fuera del coro, el obispo de una periferia del Lazio, el secretario del C9, Marcello Semeraro, obispo de Albano.<\/div>\n<div>\u00a0<\/div>\n<div>La preocupaci\u00f3n de papa Francisco es dejar clara la figura adecuada del Obispo para el mundo de hoy y cu\u00e1les pueden ser los requisitos, y por ello, \u201ccu\u00e1les pueden ser las cuestiones sobre las cuales estar atentos en la b\u00fasqueda de candidatos\u201d, como ya lo hab\u00eda referido Lombardi sobre el trabajo en marcha.<\/div>\n<div>\u00a0<\/div>\n<div>En Espa\u00f1a y Am\u00e9rica Latina se cuentan otros nombramientos que apuntan a la selecci\u00f3n de candidatos que asimilen el cambio de los tiempos. All\u00ed se enmarca el nombramiento de Carlos Osoro, arzobispo de Madrid, pastor de puertas abiertas.<\/div>\n<div>\u00a0<\/div>\n<div>Fidel Herr\u00e1ez Vegas, nuevo arzobispo de Burgos, despu\u00e9s de recibir el palio en Roma por mano de Francisco al final de junio, prosigui\u00f3 su labor en su di\u00f3cesis reuni\u00e9ndose en privado con los sacerdotes, uno por uno, visitando enfermos, celebrando y escuchando los fieles en las parroquias.<\/div>\n<div>\u00a0<\/div>\n<div>Juan Jos\u00e9 Omella, arzobispo de Barcelona tambi\u00e9n nombrado por Francisco, viaja en el metro, es un pastor sencillo, cuentan algunos conocidos, fue consiliario de Manos Unidas, comprometido en erradicar el hambre en el mundo, asimismo el Papa lo puso en una congregaci\u00f3n cuando a\u00fan no era muy conocido.<\/div>\n<div>\u00a0<\/div>\n<div>En M\u00e9xico, cre\u00f3 cardenal a Alberto Su\u00e1rez Inda, de 77 a\u00f1os, que sostiene el papel del sacerdote como \u201cun hombre que descubra a cada ni\u00f1o, a cada joven, el ideal de vivir como disc\u00edpulo de Jes\u00fas\u201d. Igualmente, se suma el nombramiento reciente de Jos\u00e9 Hira\u00eds Acosta Beltr\u00e1n como nuevo obispo de Huejutla.<\/div>\n<div>\u00a0<\/div>\n<div>M\u00e1s al sur, est\u00e1n el nombramiento del obispo de Libano-Honda (Colombia) Jos\u00e9 Luis Henao Cadavid, y el de Jos\u00e9 Melit\u00f3n Ch\u00e1vez como nuevo Obispo de A\u00f1atuya (Argentina).<\/div>\n<div>\u00a0<\/div>\n<div>Tambi\u00e9n, el nombramiento del primer cardenal haitiano, Chibly Langlois, 55 a\u00f1os, es otro signo de estos cambios de una visi\u00f3n de periferia hacia el centro.<\/div>\n<div>\u00a0<\/div>\n<div>\u201cMuchos en mi pa\u00eds se preguntaban por qu\u00e9 nunca hab\u00edamos tenido un cardenal. Es verdad que estamos lejos y somos peque\u00f1os, pero siempre dec\u00eda, habr\u00e1 que esperar el momento\u2026 y ese momento ha llegado\u201d, dijo entrevistado por Zenit.<\/div>\n<div>\u00a0<\/div>\n<div>En fin, este es el \u201chospital de campa\u00f1a\u201d que necesita mano de obra humilde y servicial, no superiores ama\u00f1ados en poltronas de oropel detr\u00e1s de escritorios y con carro de servicio \u00faltimo modelo. Palabra de papa Francisco. De hecho, los nombramientos dejan huella de transformaci\u00f3n silente y constante.<\/div>\n<div>\u00a0<\/div>\n<div>Fuente: es.aleteia.org<\/div>\n<p><a href=\"http:\/\/web.hilo.org.pe\/wp-content\/uploads\/Franciscoordenocomo obispo.jpg\" target=\"_blank\" rel=\"noopener\">Ver archivo adjunto<\/a><\/p>\n","protected":false},"excerpt":{"rendered":"<p>El papa Francisco ha pedido a sus sacerdotes que tengan ?olor a oveja?. Donald Joseph Bolen, de 56 a?os, canadiense, se lo ha tomado en serio. El prelado durante 36 horas calz? los zapatos de un mendigo.<\/p>\n","protected":false},"author":1,"featured_media":7855,"comment_status":"closed","ping_status":"closed","sticky":false,"template":"","format":"standard","meta":{"footnotes":""},"categories":[9],"tags":[],"class_list":["post-2880","post","type-post","status-publish","format-standard","has-post-thumbnail","hentry","category-noticias"],"_links":{"self":[{"href":"https:\/\/ceas.org.pe\/index.php\/wp-json\/wp\/v2\/posts\/2880","targetHints":{"allow":["GET"]}}],"collection":[{"href":"https:\/\/ceas.org.pe\/index.php\/wp-json\/wp\/v2\/posts"}],"about":[{"href":"https:\/\/ceas.org.pe\/index.php\/wp-json\/wp\/v2\/types\/post"}],"author":[{"embeddable":true,"href":"https:\/\/ceas.org.pe\/index.php\/wp-json\/wp\/v2\/users\/1"}],"replies":[{"embeddable":true,"href":"https:\/\/ceas.org.pe\/index.php\/wp-json\/wp\/v2\/comments?post=2880"}],"version-history":[{"count":1,"href":"https:\/\/ceas.org.pe\/index.php\/wp-json\/wp\/v2\/posts\/2880\/revisions"}],"predecessor-version":[{"id":6338,"href":"https:\/\/ceas.org.pe\/index.php\/wp-json\/wp\/v2\/posts\/2880\/revisions\/6338"}],"wp:featuredmedia":[{"embeddable":true,"href":"https:\/\/ceas.org.pe\/index.php\/wp-json\/wp\/v2\/media\/7855"}],"wp:attachment":[{"href":"https:\/\/ceas.org.pe\/index.php\/wp-json\/wp\/v2\/media?parent=2880"}],"wp:term":[{"taxonomy":"category","embeddable":true,"href":"https:\/\/ceas.org.pe\/index.php\/wp-json\/wp\/v2\/categories?post=2880"},{"taxonomy":"post_tag","embeddable":true,"href":"https:\/\/ceas.org.pe\/index.php\/wp-json\/wp\/v2\/tags?post=2880"}],"curies":[{"name":"wp","href":"https:\/\/api.w.org\/{rel}","templated":true}]}}