{"id":2879,"date":"2016-07-27T11:01:04","date_gmt":"2016-07-27T11:01:04","guid":{"rendered":""},"modified":"2026-03-11T09:12:01","modified_gmt":"2026-03-11T14:12:01","slug":"mensaje-de-fiestas-patrias-los-peruanos-podemos-construir-la-unidad","status":"publish","type":"post","link":"https:\/\/ceas.org.pe\/index.php\/2016\/07\/27\/mensaje-de-fiestas-patrias-los-peruanos-podemos-construir-la-unidad\/","title":{"rendered":"Mensaje de Fiestas Patrias: \u00abLos peruanos podemos construir la unidad\u00bb"},"content":{"rendered":"<p>Nuestra Patria celebrar\u00e1 este 28 de julio el 195\u00ba aniversario de vida como Naci\u00f3n. Un nuevo gobierno democr\u00e1tico, en camino a conmemorar dentro de pocos a\u00f1os el Bicentenario de nuestra Independencia, conducir\u00e1 el pa\u00eds en los pr\u00f3ximos cinco a\u00f1os, reafirmando los perennes valores de nuestra peruanidad. \u00a0\u00a0<\/p>\n<div>\u00a0<\/div>\n<div>El Pueblo Peruano, que particip\u00f3 democr\u00e1ticamente en las elecciones generales de este a\u00f1o, tiene grandes esperanzas en el nuevo Mandatario del Pa\u00eds y en el nuevo Congreso de la Rep\u00fablica, de quienes espera puedan responder con prudencia, eficiencia y prontitud a los grandes males que como sombras amenazantes se ciernen sobre nuestros pueblos y ciudades: la inseguridad, la pobreza y la corrupci\u00f3n. \u00a0 \u00a0<\/div>\n<div>\u00a0<\/div>\n<div>Ciertamente, cuando el coraz\u00f3n del hombre encuentra y hace suyos los ideales del bien com\u00fan, del respeto y de la solidaridad, cambian los pueblos. Pero al mismo tiempo son las leyes, las estructuras y organizaciones que lograr el enraizamiento y crecimiento de estos ideales en la vida cotidiana. Los peruanos los podemos lograr. \u00a0\u00a0<\/div>\n<div>\u00a0<\/div>\n<div>En este contexto, el don de la fe cristiana enraizada en nuestra identidad nacional, es la fuerza m\u00e1s poderosa que puede impulsar al cambio y transformaci\u00f3n de cada hombre y de cada pueblo. El mensaje de Cristo, vivo en el Evangelio, ense\u00f1a la cima moral del hombre cuando proclama: \u201cno hagas a otro lo que no quieres que te hagan a ti\u201d o \u201ctrata a los dem\u00e1s como quieres que te traten a ti\u201d. \u00a0\u00a0<\/div>\n<div>\u00a0<\/div>\n<div>No podemos olvidar en este aniversario patrio que otros valores como el respeto a la vida, desde la concepci\u00f3n hasta la muerte natural; el respeto a la familia, c\u00f3mo base de la sociedad, al matrimonio entre hombre y mujer; la justicia y el respeto a los derechos de los m\u00e1s vulnerables, la honestidad y el cuidado de la creaci\u00f3n -\u201cde nuestra casa com\u00fan\u201d- siguen siendo un desaf\u00edo para cada peruano y para nuestras autoridades. \u00a0 \u00a0<\/div>\n<div>\u00a0<\/div>\n<div>Con aprecio fraterno pido a los l\u00edderes y a los miembros de los partidos y movimientos pol\u00edticos que trabajen unidos y en armon\u00eda por el bien del Per\u00fa, y como ped\u00eda el Pr\u00f3cer de la Independencia Don Jos\u00e9 Faustino S\u00e1nchez Carri\u00f3n, respetando las instituciones democr\u00e1ticas, \u201cFinquemos nuestra grandeza en traer un vestido llano y sin m\u00e1s insignia que la de la honradez, y la de la austeridad civil\u201d. \u00a0\u00a0<\/div>\n<div>\u00a0<\/div>\n<div>Con el orgullo de ser peruanos cantemos en el himno nacional: \u201csomos libres se\u00e1moslo siempre\u201d recordando que la verdadera libertad se encuentra, como dice el Ap\u00f3stol Pablo, en \u201cser esclavos unos de otros por amor\u201d. En este horizonte de esperanza les exhorto con las palabras del Papa Francisco: \u201cEstamos llamados ante todo a construir y reconstruir, sin desfallecer, caminos de comuni\u00f3n; a construir puentes de uni\u00f3n y superar las barreras que separan\u201d. \u00a0\u00a0<\/div>\n<div>\u00a0<\/div>\n<div>Invito a todos los peruanos a elevar nuestras oraciones a Dios, el Se\u00f1or de la historia, por todos los que han de dirigir los destinos del Per\u00fa. Que el Esp\u00edritu Santo nos conceda a todos la sabidur\u00eda para ser constructores de paz y sembradores de misericordia. \u00a0 \u00a0<\/div>\n<div>\u00a0<\/div>\n<div>Felices Fiestas Patrias \u00a0<\/div>\n<div>\u00a0<\/div>\n<div>\u00a0+ Salvador Pi\u00f1eiro Garc\u00eda Calder\u00f3n\u00a0<\/div>\n<div>Arzobispo de Ayacucho\u00a0<\/div>\n<div>Presidente de la Conferencia Episcopal Peruana \u00a0<\/div>\n<p><a href=\"http:\/\/web.hilo.org.pe\/wp-content\/uploads\/logo CEP.jpg\" target=\"_blank\" rel=\"noopener\">Ver archivo adjunto<\/a><\/p>\n","protected":false},"excerpt":{"rendered":"<p>Nuestra Patria celebrar? este 28 de julio el 195? aniversario de vida como Naci?n. Un nuevo gobierno democr?tico, en camino a conmemorar dentro de pocos a?os el Bicentenario de nuestra Independencia, conducir? el pa?s en los pr?ximos cinco a?os, reafirmando los perennes valores de nuestra peruanidad.<\/p>\n","protected":false},"author":1,"featured_media":7973,"comment_status":"closed","ping_status":"closed","sticky":false,"template":"","format":"standard","meta":{"footnotes":""},"categories":[9],"tags":[],"class_list":["post-2879","post","type-post","status-publish","format-standard","has-post-thumbnail","hentry","category-noticias"],"_links":{"self":[{"href":"https:\/\/ceas.org.pe\/index.php\/wp-json\/wp\/v2\/posts\/2879","targetHints":{"allow":["GET"]}}],"collection":[{"href":"https:\/\/ceas.org.pe\/index.php\/wp-json\/wp\/v2\/posts"}],"about":[{"href":"https:\/\/ceas.org.pe\/index.php\/wp-json\/wp\/v2\/types\/post"}],"author":[{"embeddable":true,"href":"https:\/\/ceas.org.pe\/index.php\/wp-json\/wp\/v2\/users\/1"}],"replies":[{"embeddable":true,"href":"https:\/\/ceas.org.pe\/index.php\/wp-json\/wp\/v2\/comments?post=2879"}],"version-history":[{"count":1,"href":"https:\/\/ceas.org.pe\/index.php\/wp-json\/wp\/v2\/posts\/2879\/revisions"}],"predecessor-version":[{"id":6339,"href":"https:\/\/ceas.org.pe\/index.php\/wp-json\/wp\/v2\/posts\/2879\/revisions\/6339"}],"wp:featuredmedia":[{"embeddable":true,"href":"https:\/\/ceas.org.pe\/index.php\/wp-json\/wp\/v2\/media\/7973"}],"wp:attachment":[{"href":"https:\/\/ceas.org.pe\/index.php\/wp-json\/wp\/v2\/media?parent=2879"}],"wp:term":[{"taxonomy":"category","embeddable":true,"href":"https:\/\/ceas.org.pe\/index.php\/wp-json\/wp\/v2\/categories?post=2879"},{"taxonomy":"post_tag","embeddable":true,"href":"https:\/\/ceas.org.pe\/index.php\/wp-json\/wp\/v2\/tags?post=2879"}],"curies":[{"name":"wp","href":"https:\/\/api.w.org\/{rel}","templated":true}]}}