{"id":2878,"date":"2016-07-26T12:53:31","date_gmt":"2016-07-26T12:53:31","guid":{"rendered":""},"modified":"2026-03-11T09:12:01","modified_gmt":"2026-03-11T14:12:01","slug":"santo-padre-expresa-su-dolor-por-sacerdote-asesinado-en-francia","status":"publish","type":"post","link":"https:\/\/ceas.org.pe\/index.php\/2016\/07\/26\/santo-padre-expresa-su-dolor-por-sacerdote-asesinado-en-francia\/","title":{"rendered":"Santo Padre expresa su dolor por sacerdote asesinado en Francia"},"content":{"rendered":"<p>El papa Francisco envi\u00f3 un telegrama al arzobispo de Rouen, Dominique Lebrun, expresando su dolor por las v\u00edctimas del atentado en la peque\u00f1a iglesia del norte de Francia. Lo hizo este martes a trav\u00e9s del secretario de Estado, Pietro Parolin, pocas horas despu\u00e9s del ataque en el que dos terroristas asesinaron a un sacerdote e hirieron gravemente a una segunda persona.<\/p>\n<div>\u00a0<\/div>\n<div>El texto del telegrama:<\/div>\n<div>\u00a0<\/div>\n<div>\u201cSu excelencia<\/div>\n<div>Monse\u00f1or Dominique Lebrun.<\/div>\n<div>\u00a0<\/div>\n<div>\u201cInformado de la toma de rehenes en la iglesia de Saint-Etienne-du Rouvray, que ha causado la muerte de un sacerdote y donde una persona ha resultado gravemente herida, Su Santidad el papa Francisco le asegura su cercan\u00eda espiritual y se une con la oraci\u00f3n al sufrimiento de las familias, as\u00ed como al dolor de la parroquia y de la di\u00f3cesis de Rouen\u201d.<\/div>\n<div>\u00a0<\/div>\n<div>El telegrama a\u00f1ade que el Papa \u201cInvoca a Dios, Padre de misericordia, para que reciba al padre Jacques Hamel en la paz de su luz y conforte a la persona herida\u201d.<\/div>\n<div>\u00a0<\/div>\n<div>\u201cEl Santo Padre \u2013prosigue el texto\u2013 est\u00e1 particularmente impresionado por este acto de violencia que ha tenido lugar en una iglesia, durante una misa, acci\u00f3n lit\u00fargica que implora de Dios su paz para el mundo\u201d.<\/div>\n<div>\u00a0<\/div>\n<div>El Pont\u00edfice, concluye el telegrama, \u201cpide al Se\u00f1or que inspire a todos, pensamientos de reconciliaci\u00f3n y de fraternidad en esta nueva prueba y que derrame sobre cada uno la abundancia de sus bendiciones\u201d.<\/div>\n<div>\u00a0<\/div>\n<div>Fuente: zenit.org<\/div>\n<p><a href=\"http:\/\/web.hilo.org.pe\/wp-content\/uploads\/El Papa expresa su dolor por las victimas del ataque a una iglesia en Francia.jpg\" target=\"_blank\" rel=\"noopener\">Ver archivo adjunto<\/a><\/p>\n","protected":false},"excerpt":{"rendered":"<p>El papa Francisco envi? un telegrama al arzobispo de Rouen, Dominique Lebrun, expresando su dolor por las v?ctimas del atentado en la peque?a iglesia del norte de Francia. Lo hizo este martes a trav?s del secretario de Estado, Pietro Parolin, pocas horas despu?s del ataque en el que dos terroristas asesinaron a un sacerdote e hirieron gravemente a una segunda persona.<\/p>\n","protected":false},"author":1,"featured_media":8107,"comment_status":"closed","ping_status":"closed","sticky":false,"template":"","format":"standard","meta":{"footnotes":""},"categories":[9],"tags":[],"class_list":["post-2878","post","type-post","status-publish","format-standard","has-post-thumbnail","hentry","category-noticias"],"_links":{"self":[{"href":"https:\/\/ceas.org.pe\/index.php\/wp-json\/wp\/v2\/posts\/2878","targetHints":{"allow":["GET"]}}],"collection":[{"href":"https:\/\/ceas.org.pe\/index.php\/wp-json\/wp\/v2\/posts"}],"about":[{"href":"https:\/\/ceas.org.pe\/index.php\/wp-json\/wp\/v2\/types\/post"}],"author":[{"embeddable":true,"href":"https:\/\/ceas.org.pe\/index.php\/wp-json\/wp\/v2\/users\/1"}],"replies":[{"embeddable":true,"href":"https:\/\/ceas.org.pe\/index.php\/wp-json\/wp\/v2\/comments?post=2878"}],"version-history":[{"count":1,"href":"https:\/\/ceas.org.pe\/index.php\/wp-json\/wp\/v2\/posts\/2878\/revisions"}],"predecessor-version":[{"id":6340,"href":"https:\/\/ceas.org.pe\/index.php\/wp-json\/wp\/v2\/posts\/2878\/revisions\/6340"}],"wp:featuredmedia":[{"embeddable":true,"href":"https:\/\/ceas.org.pe\/index.php\/wp-json\/wp\/v2\/media\/8107"}],"wp:attachment":[{"href":"https:\/\/ceas.org.pe\/index.php\/wp-json\/wp\/v2\/media?parent=2878"}],"wp:term":[{"taxonomy":"category","embeddable":true,"href":"https:\/\/ceas.org.pe\/index.php\/wp-json\/wp\/v2\/categories?post=2878"},{"taxonomy":"post_tag","embeddable":true,"href":"https:\/\/ceas.org.pe\/index.php\/wp-json\/wp\/v2\/tags?post=2878"}],"curies":[{"name":"wp","href":"https:\/\/api.w.org\/{rel}","templated":true}]}}