{"id":2876,"date":"2016-07-25T19:09:53","date_gmt":"2016-07-25T19:09:53","guid":{"rendered":""},"modified":"2026-03-11T09:12:01","modified_gmt":"2026-03-11T14:12:01","slug":"delegacion-peruana-estaro-en-jornada-mundial-de-la-juventud-en-polonia","status":"publish","type":"post","link":"https:\/\/ceas.org.pe\/index.php\/2016\/07\/25\/delegacion-peruana-estaro-en-jornada-mundial-de-la-juventud-en-polonia\/","title":{"rendered":"Delegaci\u00f3n peruana estar\u00f3 en Jornada Mundial de la Juventud en Polonia"},"content":{"rendered":"<p>A principios de esta semana, viaj\u00f3 a la ciudad de Cracovia, Polonia, la delegaci\u00f3n peruana que participar\u00e1 en la Jornada Mundial de la Juventud 2016, que se realizar\u00e1 del 26 al 31 de julio y que contar\u00e1 con la presencia del Papa Francisco, as\u00ed como de Obispos, Sacerdotes y j\u00f3venes de todo el mundo. La organizaci\u00f3n de la delegaci\u00f3n estuvo a cargo de la Secci\u00f3n de Juventud de la Comisi\u00f3n Episcopal Iglesia en Di\u00e1logo con la Sociedad.<\/p>\n<div>\u00a0<\/div>\n<div>Esta delegaci\u00f3n est\u00e1 integrada por m\u00e1s de 100 peregrinos que provienen de diversas ciudades del pa\u00eds y est\u00e1 conformada por j\u00f3venes, catequistas y agentes de la pastoral juvenil. Ellos son acompa\u00f1ados por Monse\u00f1or Ricardo Garc\u00eda Garc\u00eda, Obispo Prelado de Yauyos Ca\u00f1ete y Presidente de la Comisi\u00f3n Episcopal de Iglesia en Di\u00e1logo con la Sociedad.<\/div>\n<div>\u00a0<\/div>\n<div>Previo a esta participaci\u00f3n, los j\u00f3venes peregrinos participaron en cuatro encuentros de preparaci\u00f3n. Cabe destacar que por el Per\u00fa viajar\u00e1n otras delegaciones conformadas por j\u00f3venes de congregaciones, movimientos, colegios y jurisdicciones, con lo que se estima que en este encuentro mundial de j\u00f3venes participar\u00e1n m\u00e1s de mil peruanos. Un dato importante, es que esta ser\u00e1 la segunda Jornada Mundial de la Juventud que se realiza en Polonia, ya que la primera realizada en ese pa\u00eds fue en el a\u00f1o 1991, y tuvo como sede la ciudad de Cz\u0119stochowa, bajo el Pontificado del Papa San Juan Pablo II.<\/div>\n<p><a href=\"http:\/\/web.hilo.org.pe\/wp-content\/uploads\/Jornada Mundial de la Juventud en Polonia.png\" target=\"_blank\" rel=\"noopener\">Ver archivo adjunto<\/a><\/p>\n","protected":false},"excerpt":{"rendered":"<p>A principios de esta semana, viaj? a la ciudad de Cracovia, Polonia, la delegaci?n peruana que participar? en la Jornada Mundial de la Juventud 2016, que se realizar? del 26 al 31 de julio y que contar? con la presencia del Papa Francisco, as? como de Obispos, Sacerdotes y j?venes de todo el mundo.<\/p>\n","protected":false},"author":1,"featured_media":8105,"comment_status":"closed","ping_status":"closed","sticky":false,"template":"","format":"standard","meta":{"footnotes":""},"categories":[9],"tags":[],"class_list":["post-2876","post","type-post","status-publish","format-standard","has-post-thumbnail","hentry","category-noticias"],"_links":{"self":[{"href":"https:\/\/ceas.org.pe\/index.php\/wp-json\/wp\/v2\/posts\/2876","targetHints":{"allow":["GET"]}}],"collection":[{"href":"https:\/\/ceas.org.pe\/index.php\/wp-json\/wp\/v2\/posts"}],"about":[{"href":"https:\/\/ceas.org.pe\/index.php\/wp-json\/wp\/v2\/types\/post"}],"author":[{"embeddable":true,"href":"https:\/\/ceas.org.pe\/index.php\/wp-json\/wp\/v2\/users\/1"}],"replies":[{"embeddable":true,"href":"https:\/\/ceas.org.pe\/index.php\/wp-json\/wp\/v2\/comments?post=2876"}],"version-history":[{"count":1,"href":"https:\/\/ceas.org.pe\/index.php\/wp-json\/wp\/v2\/posts\/2876\/revisions"}],"predecessor-version":[{"id":6342,"href":"https:\/\/ceas.org.pe\/index.php\/wp-json\/wp\/v2\/posts\/2876\/revisions\/6342"}],"wp:featuredmedia":[{"embeddable":true,"href":"https:\/\/ceas.org.pe\/index.php\/wp-json\/wp\/v2\/media\/8105"}],"wp:attachment":[{"href":"https:\/\/ceas.org.pe\/index.php\/wp-json\/wp\/v2\/media?parent=2876"}],"wp:term":[{"taxonomy":"category","embeddable":true,"href":"https:\/\/ceas.org.pe\/index.php\/wp-json\/wp\/v2\/categories?post=2876"},{"taxonomy":"post_tag","embeddable":true,"href":"https:\/\/ceas.org.pe\/index.php\/wp-json\/wp\/v2\/tags?post=2876"}],"curies":[{"name":"wp","href":"https:\/\/api.w.org\/{rel}","templated":true}]}}