{"id":2875,"date":"2016-07-25T18:53:15","date_gmt":"2016-07-25T18:53:15","guid":{"rendered":""},"modified":"2026-03-11T09:12:01","modified_gmt":"2026-03-11T14:12:01","slug":"arzobispo-de-huancayo-envoa-carta-a-presidente-electo-sobre-tema-ambiental","status":"publish","type":"post","link":"https:\/\/ceas.org.pe\/index.php\/2016\/07\/25\/arzobispo-de-huancayo-envoa-carta-a-presidente-electo-sobre-tema-ambiental\/","title":{"rendered":"Arzobispo de Huancayo env\u00f3a carta a presidente electo sobre tema ambiental"},"content":{"rendered":"<p>El arzobispo de Huancayo, Per\u00fa, expres\u00f3 su preocupaci\u00f3n por el \u00abgrave e hist\u00f3rico problema laboral y socio ambiental\u00bb que se vive en la regi\u00f3n de explotaci\u00f3n minera de La Oroya, que requiere una urgente y adecuada soluci\u00f3n para evitar que contin\u00fae afectando \u00abgravemente la vida de las personas y de las generaciones futuras por nuestros irresponsables retrasos\u00bb. En una comunicaci\u00f3n dirigda al presidente electo de Per\u00fa, Pedro Pablo Kuczynsky, con ocasi\u00f3n de la pr\u00f3xima celebraci\u00f3n del aniversario patrio, le record\u00f3 que la fecha es propicia para \u00abrenovar nuestro compromiso en defensa de la vida y dignidad de cada peruano y peruana, especialmente de aquellos afectados que buscan alternativas para una soluci\u00f3n digna, saludable y justa\u00bb.<\/p>\n<p>En la comunicaci\u00f3n le recuerda que \u00abel gobierno debe tener muy en cuenta el mandato constitucional: \u00abLa defensa de la persona humana y el respeto de su dignidad son el fin supremo de la sociedad y el Estado\u00bb (Art. 1 \u00b0).<\/p>\n<div>Igualmente a la empresa Doe Run Per\u00fa, as\u00ed como a los acreedores, entre ellos el Estado Peruano, el arzobispo les recomienda buscar \u00abel bienestar de los trabajadores y el cumplimiento de los est\u00e1ndares ambientales internacionales y nacionales para que as\u00ed se logre una mejor calidad de vida de la poblaci\u00f3n presente y futura\u00bb.<\/div>\n<div>\u00a0<\/div>\n<div>Y es que, seg\u00fan alerta, la Iglesia est\u00e1 preocupada por la grave disyuntiva que se plantea ante el futuro del Complejo Metal\u00fargico de La Oroya (CMLO), debido a la afectaci\u00f3n a la \u00abcalidad de vida de las personas y el cuidado de nuestra casa com\u00fan; y por otro lado por \u00abla posibilidad de un trabajo remunerado, las ganancias de las empresas y los impuestos que recibe el Estado\u00bb que significa esta industria extractiva. \u00abEn ambos, casos hay personas que se benefician y otras que son afectadas\u00bb, dice el arzobispo.<\/div>\n<div>\u00a0<\/div>\n<div>Entre las preocupaciones del prelado, se apunta la afectaci\u00f3n a la \u00abcalidad del aire\u00bb que \u00a0\u00abes esencial para la vida, la salud y el trabajo de las personas\u00bb, debido a que en la actualidad \u00ablos pasivos ambientales siguen generando impactos en la salud y el ambiente, especialmente a los ni\u00f1os\u00bb.<\/div>\n<div>\u00a0<\/div>\n<div>Por ello, el arzobispo se muestra preocupado porque en el proceso de venta del Complejo Metal\u00fargico de La Oroya -CMLO- se exija como condici\u00f3n la flexibilizaci\u00f3n laboral y l\u00bbla adecuaci\u00f3n de la calidad del aire a 80 ug\/m3 para La Oroya, llo y Arequipa (Decreto Supremo No 006-2013 MINAM), pese a que en el resto del pa\u00eds la exigencia es a 20ug\/m3 como nivel m\u00e1ximo de di\u00f3xido de azufre (Decreto Supremo No 003-2008 MINAM).<\/div>\n<div>\u00a0<\/div>\n<div>Fuente: EVARED<\/div>\n<p><a href=\"http:\/\/web.hilo.org.pe\/wp-content\/uploads\/arzobispohuancayo.jpg\" target=\"_blank\" rel=\"noopener\">Ver archivo adjunto<\/a><\/p>\n","protected":false},"excerpt":{"rendered":"<p>El arzobispo de Huancayo, Per?, expres? su preocupaci?n por el \u00abgrave e hist?rico problema laboral y socio ambiental\u00bb que se vive en la regi?n de explotaci?n minera de La Oroya, que requiere una urgente y adecuada soluci?n para evitar que contin?e afectando \u00abgravemente la vida de las personas y de las generaciones futuras por nuestros irresponsables retrasos\u00bb.<\/p>\n","protected":false},"author":1,"featured_media":7884,"comment_status":"closed","ping_status":"closed","sticky":false,"template":"","format":"standard","meta":{"footnotes":""},"categories":[9],"tags":[],"class_list":["post-2875","post","type-post","status-publish","format-standard","has-post-thumbnail","hentry","category-noticias"],"_links":{"self":[{"href":"https:\/\/ceas.org.pe\/index.php\/wp-json\/wp\/v2\/posts\/2875","targetHints":{"allow":["GET"]}}],"collection":[{"href":"https:\/\/ceas.org.pe\/index.php\/wp-json\/wp\/v2\/posts"}],"about":[{"href":"https:\/\/ceas.org.pe\/index.php\/wp-json\/wp\/v2\/types\/post"}],"author":[{"embeddable":true,"href":"https:\/\/ceas.org.pe\/index.php\/wp-json\/wp\/v2\/users\/1"}],"replies":[{"embeddable":true,"href":"https:\/\/ceas.org.pe\/index.php\/wp-json\/wp\/v2\/comments?post=2875"}],"version-history":[{"count":1,"href":"https:\/\/ceas.org.pe\/index.php\/wp-json\/wp\/v2\/posts\/2875\/revisions"}],"predecessor-version":[{"id":6343,"href":"https:\/\/ceas.org.pe\/index.php\/wp-json\/wp\/v2\/posts\/2875\/revisions\/6343"}],"wp:featuredmedia":[{"embeddable":true,"href":"https:\/\/ceas.org.pe\/index.php\/wp-json\/wp\/v2\/media\/7884"}],"wp:attachment":[{"href":"https:\/\/ceas.org.pe\/index.php\/wp-json\/wp\/v2\/media?parent=2875"}],"wp:term":[{"taxonomy":"category","embeddable":true,"href":"https:\/\/ceas.org.pe\/index.php\/wp-json\/wp\/v2\/categories?post=2875"},{"taxonomy":"post_tag","embeddable":true,"href":"https:\/\/ceas.org.pe\/index.php\/wp-json\/wp\/v2\/tags?post=2875"}],"curies":[{"name":"wp","href":"https:\/\/api.w.org\/{rel}","templated":true}]}}