{"id":2874,"date":"2016-07-22T10:27:13","date_gmt":"2016-07-22T10:27:13","guid":{"rendered":""},"modified":"2026-03-11T09:12:01","modified_gmt":"2026-03-11T14:12:01","slug":"secretario-de-estado-del-papa-reflexiona-sobre-escenario-mundial-de-violencia-y-odio","status":"publish","type":"post","link":"https:\/\/ceas.org.pe\/index.php\/2016\/07\/22\/secretario-de-estado-del-papa-reflexiona-sobre-escenario-mundial-de-violencia-y-odio\/","title":{"rendered":"Secretario de Estado del Papa reflexiona sobre escenario mundial de violencia y odio"},"content":{"rendered":"<p>El Cardenal Pietro Parolin, Secretario de Estado de Su Santidad \u2013 entrevistado por nuestra colega Debora Donnini \u2013 se refiere al escenario mundial que preocupa mucho, porque la violencia y el odio se difunden cada vez m\u00e1s. De ah\u00ed la necesidad \u2013 afirma \u2013 de promover m\u00e1s que nunca el di\u00e1logo y el respeto de la persona.<\/p>\n<p>Refiri\u00e9ndose a la situaci\u00f3n en Siria, de la que el Papa Francisco ha dicho que \u201cla paz es posible\u201d, y que \u201cla soluci\u00f3n es pol\u00edtica y no militar\u201d, el Purpurado \u00a0afirm\u00f3 que la Iglesia insiste precisamente en este principio, es decir, que s\u00f3lo una soluci\u00f3n pac\u00edfica y negociada puede evitar ulteriores sufrimientos a la poblaci\u00f3n, que ha sufrido tanto ya. De ah\u00ed la necesidad de una reconstrucci\u00f3n duradera del pa\u00eds.<\/p>\n<div>En cuanto a la matanza de Niza, el Cardenal Secretario de Estado afirma que ante lo sucedido en esta ciudad francesa \u201cno hay palabras\u201d. Mientras en su opini\u00f3n, se trata de una expresi\u00f3n de odio puro, lo que hace que uno se pregunte qu\u00e9 est\u00e1 sucediendo\u2026 Por esta raz\u00f3n reafirma que debemos trabajar, todos juntos, para tratar de entender ante todo, para comprender cu\u00e1les son las causas de fen\u00f3menos tan dram\u00e1ticos y dolorosos. Y despu\u00e9s, evidentemente, superarlos. Y hacerlo mediante una intervenci\u00f3n no s\u00f3lo de seguridad. La intervenci\u00f3n \u2013 dice el Purpurado \u2013 debe ser sobre todo de tipo cultural, \u201cpara extirpar las ra\u00edces de estos fen\u00f3menos y ayudar a la gente, a los pueblos, y a las personas a aceptarse rec\u00edprocamente\u201d, tal como lo repite el Papa.<\/div>\n<div>\u00a0<\/div>\n<div>De Turqu\u00eda, naci\u00f3n en que la Iglesia vive una situaci\u00f3n complicada, el Cardenal Parolin afirma que la Iglesia en este pa\u00eds representa una peque\u00f1a realidad. Y a\u00f1ade que sin embargo se est\u00e1 haciendo todo lo posible para que se reconozcan sus derechos a fin de que los ciudadanos que profesan nuestra fe puedan vivir en igualdad de derechos.<\/div>\n<div>\u00a0<\/div>\n<div>Y agrega que ciertamente construir puentes sigue siendo la clave, pero no es s\u00f3lo un eslogan, sino que hay que ser activos en esto. \u201cCada uno \u2013 dice \u2013, seg\u00fan su propia responsabilidad debe luchar para construir un mundo que sea verdaderamente solidario\u201d.<\/div>\n<div>Por \u00faltimo, ante la inminente Jornada Mundial de la Juventud de Cracovia, el Cardenal Secretario de Estado \u00a0manifiesta su esperanza de que el encuentro del Papa con los j\u00f3venes \u201csea sobre todo un encuentro con Jesucristo y su Evangelio que, como dice Francisco al inicio de su Exhortaci\u00f3n Apost\u00f3lica Evangelii Gaudium, da una gran alegr\u00eda a quien logra realizarlo\u201d.<\/div>\n<div>\u00a0<\/div>\n<div>Fuente: radiovaticana<\/div>\n<p><a href=\"http:\/\/web.hilo.org.pe\/wp-content\/uploads\/Cardenal Parolin.jpg\" target=\"_blank\" rel=\"noopener\">Ver archivo adjunto<\/a><\/p>\n","protected":false},"excerpt":{"rendered":"<p>El Cardenal Pietro Parolin, Secretario de Estado de Su Santidad ? entrevistado por nuestra colega Debora Donnini ? se refiere al escenario mundial que preocupa mucho, porque la violencia y el odio se difunden cada vez m?s. De ah? la necesidad ? afirma ? de promover m?s que nunca el di?logo y el respeto de la persona.<\/p>\n","protected":false},"author":1,"featured_media":8104,"comment_status":"closed","ping_status":"closed","sticky":false,"template":"","format":"standard","meta":{"footnotes":""},"categories":[9],"tags":[],"class_list":["post-2874","post","type-post","status-publish","format-standard","has-post-thumbnail","hentry","category-noticias"],"_links":{"self":[{"href":"https:\/\/ceas.org.pe\/index.php\/wp-json\/wp\/v2\/posts\/2874","targetHints":{"allow":["GET"]}}],"collection":[{"href":"https:\/\/ceas.org.pe\/index.php\/wp-json\/wp\/v2\/posts"}],"about":[{"href":"https:\/\/ceas.org.pe\/index.php\/wp-json\/wp\/v2\/types\/post"}],"author":[{"embeddable":true,"href":"https:\/\/ceas.org.pe\/index.php\/wp-json\/wp\/v2\/users\/1"}],"replies":[{"embeddable":true,"href":"https:\/\/ceas.org.pe\/index.php\/wp-json\/wp\/v2\/comments?post=2874"}],"version-history":[{"count":1,"href":"https:\/\/ceas.org.pe\/index.php\/wp-json\/wp\/v2\/posts\/2874\/revisions"}],"predecessor-version":[{"id":6344,"href":"https:\/\/ceas.org.pe\/index.php\/wp-json\/wp\/v2\/posts\/2874\/revisions\/6344"}],"wp:featuredmedia":[{"embeddable":true,"href":"https:\/\/ceas.org.pe\/index.php\/wp-json\/wp\/v2\/media\/8104"}],"wp:attachment":[{"href":"https:\/\/ceas.org.pe\/index.php\/wp-json\/wp\/v2\/media?parent=2874"}],"wp:term":[{"taxonomy":"category","embeddable":true,"href":"https:\/\/ceas.org.pe\/index.php\/wp-json\/wp\/v2\/categories?post=2874"},{"taxonomy":"post_tag","embeddable":true,"href":"https:\/\/ceas.org.pe\/index.php\/wp-json\/wp\/v2\/tags?post=2874"}],"curies":[{"name":"wp","href":"https:\/\/api.w.org\/{rel}","templated":true}]}}